{"id":14875,"date":"2022-12-20T11:00:58","date_gmt":"2022-12-20T10:00:58","guid":{"rendered":"http:\/\/localhost\/daverallia_old\/?p=14875"},"modified":"2023-09-07T15:16:06","modified_gmt":"2023-09-07T13:16:06","slug":"verallia-wins-the-2022-packaging-oscar","status":"publish","type":"post","link":"https:\/\/design.awards.verallia.fr\/en\/verallia-wins-the-2022-packaging-oscar\/","title":{"rendered":"Verallia wins the 2022 Packaging Oscar!"},"content":{"rendered":"\n<h2 class=\"wp-block-heading\">Verallia has once again won an award:<\/h2>\n\n\n\n<h3 class=\"wp-block-heading\">The 2022 Packaging Oscar.<\/h3>\n\n\n\n<p>Organised by Infopro Digital, the publisher of <a href=\"https:\/\/evenements.infopro-digital.com\/emballage\/evenement-l-oscar-de-l-emballage-2022-p-15307\">Emballages Magazine and Plastiques &amp; Caoutchoucs Magazine<\/a>, this competition is a showcase for innovation and know-how of brands and converters. This competition is a meeting place for brands and suppliers: manufacturers of components, materials, packaging, machines, equipment or service providers who have developed innovative technologies, functionalities or design.<\/p>\n\n\n\n<p>It was during a beautiful evening at the \u00c9lys\u00e9es Biarritz, which brought together more than 200 packaging specialists, that the Fl\u00fbte Gothic bottle received its Oscar in the &#8220;glass&#8221; section, in the &#8220;Transformation&#8221; category.<\/p>\n\n\n\n<p>The Fl\u00fbte Gothic, designed by <a href=\"https:\/\/www.linkedin.com\/in\/ACoAACSUswkBSsT_J0v475LODaV_M1bxoDNx_G8\">Clara Chanteloup<\/a> and <a href=\"https:\/\/www.linkedin.com\/in\/ACoAACDAYn4BreqCG80AlHk9GODnKf26yFlm6sc\">Maxence de Cock<\/a>, is produced in our Albi factory and marketed by<a href=\"https:\/\/www.linkedin.com\/company\/domaines-paul-mas\/\"> Domaines Paul Mas<\/a> for its rural luxury.<\/p>\n\n\n\n<h3 class=\"wp-block-heading\">The Gothic Flute, beautiful and eco-friendly<\/h3>\n\n\n\n<p>Weighing only 600 grams, this lightweight glass bottle limits its impact on the environment. A major feature that did not escape the attention of the jury members of the Packaging Oscar.<\/p>\n","protected":false},"excerpt":{"rendered":"<p>Verallia succeeds in winning the Oscar de l&#8217;emballage 2022! The Fl\u00fbte Gothic bottle wins in the &#8220;glass&#8221; and &#8220;converting&#8221; categories.<\/p>\n","protected":false},"author":1,"featured_media":22398,"comment_status":"closed","ping_status":"closed","sticky":false,"template":"","format":"standard","meta":{"_acf_changed":false,"footnotes":""},"categories":[1],"tags":[],"class_list":["post-14875","post","type-post","status-publish","format-standard","has-post-thumbnail","hentry","category-verallia-en"],"acf":[],"yoast_head":"<!-- This site is optimized with the Yoast SEO plugin v27.3 - https:\/\/yoast.com\/product\/yoast-seo-wordpress\/ -->\n<title>Verallia wins the 2022 Packaging Oscar! - Verallia Design Awards<\/title>\n<meta name=\"description\" content=\"Verallia France wins the Formes de Luxe 2022 award with the Fl\u00fbte Gothic bottle, a creation of the Verallia Design Awards 2018.\" \/>\n<meta name=\"robots\" content=\"index, follow, max-snippet:-1, max-image-preview:large, max-video-preview:-1\" \/>\n<link rel=\"canonical\" href=\"https:\/\/design.awards.verallia.fr\/en\/verallia-wins-the-2022-packaging-oscar\/\" \/>\n<meta property=\"og:locale\" content=\"en_US\" \/>\n<meta property=\"og:type\" content=\"article\" \/>\n<meta property=\"og:title\" content=\"Verallia wins the 2022 Packaging Oscar! - Verallia Design Awards\" \/>\n<meta property=\"og:description\" content=\"Verallia France wins the Formes de Luxe 2022 award with the Fl\u00fbte Gothic bottle, a creation of the Verallia Design Awards 2018.\" \/>\n<meta property=\"og:url\" content=\"https:\/\/design.awards.verallia.fr\/en\/verallia-wins-the-2022-packaging-oscar\/\" \/>\n<meta property=\"og:site_name\" content=\"Verallia Design Awards\" \/>\n<meta property=\"article:published_time\" content=\"2022-12-20T10:00:58+00:00\" \/>\n<meta property=\"article:modified_time\" content=\"2023-09-07T13:16:06+00:00\" \/>\n<meta property=\"og:image\" content=\"https:\/\/design.awards.verallia.fr\/wp-content\/uploads\/2022\/12\/PrixEmballageVerallia2022.png\" \/>\n\t<meta property=\"og:image:width\" content=\"705\" \/>\n\t<meta property=\"og:image:height\" content=\"491\" \/>\n\t<meta property=\"og:image:type\" content=\"image\/png\" \/>\n<meta name=\"author\" content=\"Armstrong Admin\" \/>\n<meta name=\"twitter:card\" content=\"summary_large_image\" \/>\n<meta name=\"twitter:label1\" content=\"Written by\" \/>\n\t<meta name=\"twitter:data1\" content=\"Armstrong Admin\" \/>\n\t<meta name=\"twitter:label2\" content=\"Est. reading time\" \/>\n\t<meta name=\"twitter:data2\" content=\"1 minute\" \/>\n<script type=\"application\/ld+json\" class=\"yoast-schema-graph\">{\"@context\":\"https:\\\/\\\/schema.org\",\"@graph\":[{\"@type\":\"Article\",\"@id\":\"https:\\\/\\\/design.awards.verallia.fr\\\/en\\\/verallia-wins-the-2022-packaging-oscar\\\/#article\",\"isPartOf\":{\"@id\":\"https:\\\/\\\/design.awards.verallia.fr\\\/en\\\/verallia-wins-the-2022-packaging-oscar\\\/\"},\"author\":{\"name\":\"Armstrong Admin\",\"@id\":\"https:\\\/\\\/design.awards.verallia.fr\\\/en\\\/#\\\/schema\\\/person\\\/67005c2adf823ed59d0a348d23fe299c\"},\"headline\":\"Verallia wins the 2022 Packaging Oscar!\",\"datePublished\":\"2022-12-20T10:00:58+00:00\",\"dateModified\":\"2023-09-07T13:16:06+00:00\",\"mainEntityOfPage\":{\"@id\":\"https:\\\/\\\/design.awards.verallia.fr\\\/en\\\/verallia-wins-the-2022-packaging-oscar\\\/\"},\"wordCount\":169,\"publisher\":{\"@id\":\"https:\\\/\\\/design.awards.verallia.fr\\\/en\\\/#organization\"},\"image\":{\"@id\":\"https:\\\/\\\/design.awards.verallia.fr\\\/en\\\/verallia-wins-the-2022-packaging-oscar\\\/#primaryimage\"},\"thumbnailUrl\":\"https:\\\/\\\/design.awards.verallia.fr\\\/wp-content\\\/uploads\\\/2022\\\/12\\\/PrixEmballageVerallia2022.png\",\"articleSection\":[\"Verallia\"],\"inLanguage\":\"en-US\"},{\"@type\":\"WebPage\",\"@id\":\"https:\\\/\\\/design.awards.verallia.fr\\\/en\\\/verallia-wins-the-2022-packaging-oscar\\\/\",\"url\":\"https:\\\/\\\/design.awards.verallia.fr\\\/en\\\/verallia-wins-the-2022-packaging-oscar\\\/\",\"name\":\"Verallia wins the 2022 Packaging Oscar! - Verallia Design Awards\",\"isPartOf\":{\"@id\":\"https:\\\/\\\/design.awards.verallia.fr\\\/en\\\/#website\"},\"primaryImageOfPage\":{\"@id\":\"https:\\\/\\\/design.awards.verallia.fr\\\/en\\\/verallia-wins-the-2022-packaging-oscar\\\/#primaryimage\"},\"image\":{\"@id\":\"https:\\\/\\\/design.awards.verallia.fr\\\/en\\\/verallia-wins-the-2022-packaging-oscar\\\/#primaryimage\"},\"thumbnailUrl\":\"https:\\\/\\\/design.awards.verallia.fr\\\/wp-content\\\/uploads\\\/2022\\\/12\\\/PrixEmballageVerallia2022.png\",\"datePublished\":\"2022-12-20T10:00:58+00:00\",\"dateModified\":\"2023-09-07T13:16:06+00:00\",\"description\":\"Verallia France wins the Formes de Luxe 2022 award with the Fl\u00fbte Gothic bottle, a creation of the Verallia Design Awards 2018.\",\"breadcrumb\":{\"@id\":\"https:\\\/\\\/design.awards.verallia.fr\\\/en\\\/verallia-wins-the-2022-packaging-oscar\\\/#breadcrumb\"},\"inLanguage\":\"en-US\",\"potentialAction\":[{\"@type\":\"ReadAction\",\"target\":[\"https:\\\/\\\/design.awards.verallia.fr\\\/en\\\/verallia-wins-the-2022-packaging-oscar\\\/\"]}]},{\"@type\":\"ImageObject\",\"inLanguage\":\"en-US\",\"@id\":\"https:\\\/\\\/design.awards.verallia.fr\\\/en\\\/verallia-wins-the-2022-packaging-oscar\\\/#primaryimage\",\"url\":\"https:\\\/\\\/design.awards.verallia.fr\\\/wp-content\\\/uploads\\\/2022\\\/12\\\/PrixEmballageVerallia2022.png\",\"contentUrl\":\"https:\\\/\\\/design.awards.verallia.fr\\\/wp-content\\\/uploads\\\/2022\\\/12\\\/PrixEmballageVerallia2022.png\",\"width\":705,\"height\":491,\"caption\":\"Image actualit\u00e9 - Oscar de l'emballage 2022\"},{\"@type\":\"BreadcrumbList\",\"@id\":\"https:\\\/\\\/design.awards.verallia.fr\\\/en\\\/verallia-wins-the-2022-packaging-oscar\\\/#breadcrumb\",\"itemListElement\":[{\"@type\":\"ListItem\",\"position\":1,\"name\":\"Accueil\",\"item\":\"https:\\\/\\\/design.awards.verallia.fr\\\/en\\\/\"},{\"@type\":\"ListItem\",\"position\":2,\"name\":\"Verallia wins the 2022 Packaging Oscar!\"}]},{\"@type\":\"WebSite\",\"@id\":\"https:\\\/\\\/design.awards.verallia.fr\\\/en\\\/#website\",\"url\":\"https:\\\/\\\/design.awards.verallia.fr\\\/en\\\/\",\"name\":\"Verallia Design Awards\",\"description\":\"Verallia Design Award, le concours de design du packaging en verre\",\"publisher\":{\"@id\":\"https:\\\/\\\/design.awards.verallia.fr\\\/en\\\/#organization\"},\"potentialAction\":[{\"@type\":\"SearchAction\",\"target\":{\"@type\":\"EntryPoint\",\"urlTemplate\":\"https:\\\/\\\/design.awards.verallia.fr\\\/en\\\/?s={search_term_string}\"},\"query-input\":{\"@type\":\"PropertyValueSpecification\",\"valueRequired\":true,\"valueName\":\"search_term_string\"}}],\"inLanguage\":\"en-US\"},{\"@type\":\"Organization\",\"@id\":\"https:\\\/\\\/design.awards.verallia.fr\\\/en\\\/#organization\",\"name\":\"Verallia Design Awards\",\"url\":\"https:\\\/\\\/design.awards.verallia.fr\\\/en\\\/\",\"logo\":{\"@type\":\"ImageObject\",\"inLanguage\":\"en-US\",\"@id\":\"https:\\\/\\\/design.awards.verallia.fr\\\/en\\\/#\\\/schema\\\/logo\\\/image\\\/\",\"url\":\"https:\\\/\\\/design.awards.verallia.fr\\\/wp-content\\\/uploads\\\/2023\\\/05\\\/logo-small.png\",\"contentUrl\":\"https:\\\/\\\/design.awards.verallia.fr\\\/wp-content\\\/uploads\\\/2023\\\/05\\\/logo-small.png\",\"width\":198,\"height\":117,\"caption\":\"Verallia Design Awards\"},\"image\":{\"@id\":\"https:\\\/\\\/design.awards.verallia.fr\\\/en\\\/#\\\/schema\\\/logo\\\/image\\\/\"}},{\"@type\":\"Person\",\"@id\":\"https:\\\/\\\/design.awards.verallia.fr\\\/en\\\/#\\\/schema\\\/person\\\/67005c2adf823ed59d0a348d23fe299c\",\"name\":\"Armstrong Admin\",\"image\":{\"@type\":\"ImageObject\",\"inLanguage\":\"en-US\",\"@id\":\"https:\\\/\\\/secure.gravatar.com\\\/avatar\\\/7a9e66cf9fe415ae2d6a0fa3a100ae4fc9c9a98b04cf2355b45ab8e8c13a628f?s=96&d=mm&r=g\",\"url\":\"https:\\\/\\\/secure.gravatar.com\\\/avatar\\\/7a9e66cf9fe415ae2d6a0fa3a100ae4fc9c9a98b04cf2355b45ab8e8c13a628f?s=96&d=mm&r=g\",\"contentUrl\":\"https:\\\/\\\/secure.gravatar.com\\\/avatar\\\/7a9e66cf9fe415ae2d6a0fa3a100ae4fc9c9a98b04cf2355b45ab8e8c13a628f?s=96&d=mm&r=g\",\"caption\":\"Armstrong Admin\"},\"sameAs\":[\"https:\\\/\\\/design.awards.verallia.fr\"],\"url\":\"https:\\\/\\\/design.awards.verallia.fr\"}]}<\/script>\n<!-- \/ Yoast SEO plugin. -->","yoast_head_json":{"title":"Verallia wins the 2022 Packaging Oscar! - Verallia Design Awards","description":"Verallia France wins the Formes de Luxe 2022 award with the Fl\u00fbte Gothic bottle, a creation of the Verallia Design Awards 2018.","robots":{"index":"index","follow":"follow","max-snippet":"max-snippet:-1","max-image-preview":"max-image-preview:large","max-video-preview":"max-video-preview:-1"},"canonical":"https:\/\/design.awards.verallia.fr\/en\/verallia-wins-the-2022-packaging-oscar\/","og_locale":"en_US","og_type":"article","og_title":"Verallia wins the 2022 Packaging Oscar! - Verallia Design Awards","og_description":"Verallia France wins the Formes de Luxe 2022 award with the Fl\u00fbte Gothic bottle, a creation of the Verallia Design Awards 2018.","og_url":"https:\/\/design.awards.verallia.fr\/en\/verallia-wins-the-2022-packaging-oscar\/","og_site_name":"Verallia Design Awards","article_published_time":"2022-12-20T10:00:58+00:00","article_modified_time":"2023-09-07T13:16:06+00:00","og_image":[{"width":705,"height":491,"url":"https:\/\/design.awards.verallia.fr\/wp-content\/uploads\/2022\/12\/PrixEmballageVerallia2022.png","type":"image\/png"}],"author":"Armstrong Admin","twitter_card":"summary_large_image","twitter_misc":{"Written by":"Armstrong Admin","Est. reading time":"1 minute"},"schema":{"@context":"https:\/\/schema.org","@graph":[{"@type":"Article","@id":"https:\/\/design.awards.verallia.fr\/en\/verallia-wins-the-2022-packaging-oscar\/#article","isPartOf":{"@id":"https:\/\/design.awards.verallia.fr\/en\/verallia-wins-the-2022-packaging-oscar\/"},"author":{"name":"Armstrong Admin","@id":"https:\/\/design.awards.verallia.fr\/en\/#\/schema\/person\/67005c2adf823ed59d0a348d23fe299c"},"headline":"Verallia wins the 2022 Packaging Oscar!","datePublished":"2022-12-20T10:00:58+00:00","dateModified":"2023-09-07T13:16:06+00:00","mainEntityOfPage":{"@id":"https:\/\/design.awards.verallia.fr\/en\/verallia-wins-the-2022-packaging-oscar\/"},"wordCount":169,"publisher":{"@id":"https:\/\/design.awards.verallia.fr\/en\/#organization"},"image":{"@id":"https:\/\/design.awards.verallia.fr\/en\/verallia-wins-the-2022-packaging-oscar\/#primaryimage"},"thumbnailUrl":"https:\/\/design.awards.verallia.fr\/wp-content\/uploads\/2022\/12\/PrixEmballageVerallia2022.png","articleSection":["Verallia"],"inLanguage":"en-US"},{"@type":"WebPage","@id":"https:\/\/design.awards.verallia.fr\/en\/verallia-wins-the-2022-packaging-oscar\/","url":"https:\/\/design.awards.verallia.fr\/en\/verallia-wins-the-2022-packaging-oscar\/","name":"Verallia wins the 2022 Packaging Oscar! - Verallia Design Awards","isPartOf":{"@id":"https:\/\/design.awards.verallia.fr\/en\/#website"},"primaryImageOfPage":{"@id":"https:\/\/design.awards.verallia.fr\/en\/verallia-wins-the-2022-packaging-oscar\/#primaryimage"},"image":{"@id":"https:\/\/design.awards.verallia.fr\/en\/verallia-wins-the-2022-packaging-oscar\/#primaryimage"},"thumbnailUrl":"https:\/\/design.awards.verallia.fr\/wp-content\/uploads\/2022\/12\/PrixEmballageVerallia2022.png","datePublished":"2022-12-20T10:00:58+00:00","dateModified":"2023-09-07T13:16:06+00:00","description":"Verallia France wins the Formes de Luxe 2022 award with the Fl\u00fbte Gothic bottle, a creation of the Verallia Design Awards 2018.","breadcrumb":{"@id":"https:\/\/design.awards.verallia.fr\/en\/verallia-wins-the-2022-packaging-oscar\/#breadcrumb"},"inLanguage":"en-US","potentialAction":[{"@type":"ReadAction","target":["https:\/\/design.awards.verallia.fr\/en\/verallia-wins-the-2022-packaging-oscar\/"]}]},{"@type":"ImageObject","inLanguage":"en-US","@id":"https:\/\/design.awards.verallia.fr\/en\/verallia-wins-the-2022-packaging-oscar\/#primaryimage","url":"https:\/\/design.awards.verallia.fr\/wp-content\/uploads\/2022\/12\/PrixEmballageVerallia2022.png","contentUrl":"https:\/\/design.awards.verallia.fr\/wp-content\/uploads\/2022\/12\/PrixEmballageVerallia2022.png","width":705,"height":491,"caption":"Image actualit\u00e9 - Oscar de l'emballage 2022"},{"@type":"BreadcrumbList","@id":"https:\/\/design.awards.verallia.fr\/en\/verallia-wins-the-2022-packaging-oscar\/#breadcrumb","itemListElement":[{"@type":"ListItem","position":1,"name":"Accueil","item":"https:\/\/design.awards.verallia.fr\/en\/"},{"@type":"ListItem","position":2,"name":"Verallia wins the 2022 Packaging Oscar!"}]},{"@type":"WebSite","@id":"https:\/\/design.awards.verallia.fr\/en\/#website","url":"https:\/\/design.awards.verallia.fr\/en\/","name":"Verallia Design Awards","description":"Verallia Design Award, le concours de design du packaging en verre","publisher":{"@id":"https:\/\/design.awards.verallia.fr\/en\/#organization"},"potentialAction":[{"@type":"SearchAction","target":{"@type":"EntryPoint","urlTemplate":"https:\/\/design.awards.verallia.fr\/en\/?s={search_term_string}"},"query-input":{"@type":"PropertyValueSpecification","valueRequired":true,"valueName":"search_term_string"}}],"inLanguage":"en-US"},{"@type":"Organization","@id":"https:\/\/design.awards.verallia.fr\/en\/#organization","name":"Verallia Design Awards","url":"https:\/\/design.awards.verallia.fr\/en\/","logo":{"@type":"ImageObject","inLanguage":"en-US","@id":"https:\/\/design.awards.verallia.fr\/en\/#\/schema\/logo\/image\/","url":"https:\/\/design.awards.verallia.fr\/wp-content\/uploads\/2023\/05\/logo-small.png","contentUrl":"https:\/\/design.awards.verallia.fr\/wp-content\/uploads\/2023\/05\/logo-small.png","width":198,"height":117,"caption":"Verallia Design Awards"},"image":{"@id":"https:\/\/design.awards.verallia.fr\/en\/#\/schema\/logo\/image\/"}},{"@type":"Person","@id":"https:\/\/design.awards.verallia.fr\/en\/#\/schema\/person\/67005c2adf823ed59d0a348d23fe299c","name":"Armstrong Admin","image":{"@type":"ImageObject","inLanguage":"en-US","@id":"https:\/\/secure.gravatar.com\/avatar\/7a9e66cf9fe415ae2d6a0fa3a100ae4fc9c9a98b04cf2355b45ab8e8c13a628f?s=96&d=mm&r=g","url":"https:\/\/secure.gravatar.com\/avatar\/7a9e66cf9fe415ae2d6a0fa3a100ae4fc9c9a98b04cf2355b45ab8e8c13a628f?s=96&d=mm&r=g","contentUrl":"https:\/\/secure.gravatar.com\/avatar\/7a9e66cf9fe415ae2d6a0fa3a100ae4fc9c9a98b04cf2355b45ab8e8c13a628f?s=96&d=mm&r=g","caption":"Armstrong Admin"},"sameAs":["https:\/\/design.awards.verallia.fr"],"url":"https:\/\/design.awards.verallia.fr"}]}},"_links":{"self":[{"href":"https:\/\/design.awards.verallia.fr\/en\/wp-json\/wp\/v2\/posts\/14875","targetHints":{"allow":["GET"]}}],"collection":[{"href":"https:\/\/design.awards.verallia.fr\/en\/wp-json\/wp\/v2\/posts"}],"about":[{"href":"https:\/\/design.awards.verallia.fr\/en\/wp-json\/wp\/v2\/types\/post"}],"author":[{"embeddable":true,"href":"https:\/\/design.awards.verallia.fr\/en\/wp-json\/wp\/v2\/users\/1"}],"replies":[{"embeddable":true,"href":"https:\/\/design.awards.verallia.fr\/en\/wp-json\/wp\/v2\/comments?post=14875"}],"version-history":[{"count":5,"href":"https:\/\/design.awards.verallia.fr\/en\/wp-json\/wp\/v2\/posts\/14875\/revisions"}],"predecessor-version":[{"id":31125,"href":"https:\/\/design.awards.verallia.fr\/en\/wp-json\/wp\/v2\/posts\/14875\/revisions\/31125"}],"wp:featuredmedia":[{"embeddable":true,"href":"https:\/\/design.awards.verallia.fr\/en\/wp-json\/wp\/v2\/media\/22398"}],"wp:attachment":[{"href":"https:\/\/design.awards.verallia.fr\/en\/wp-json\/wp\/v2\/media?parent=14875"}],"wp:term":[{"taxonomy":"category","embeddable":true,"href":"https:\/\/design.awards.verallia.fr\/en\/wp-json\/wp\/v2\/categories?post=14875"},{"taxonomy":"post_tag","embeddable":true,"href":"https:\/\/design.awards.verallia.fr\/en\/wp-json\/wp\/v2\/tags?post=14875"}],"curies":[{"name":"wp","href":"https:\/\/api.w.org\/{rel}","templated":true}]}}