{"id":105522,"date":"2026-08-31T11:22:27","date_gmt":"2026-08-31T09:22:27","guid":{"rendered":"https:\/\/design.awards.verallia.fr\/?p=105522"},"modified":"2026-08-31T15:15:23","modified_gmt":"2026-08-31T13:15:23","slug":"felicitations-aux-laureats-des-verallia-design-awards-2026","status":"publish","type":"post","link":"https:\/\/design.awards.verallia.fr\/fr\/felicitations-aux-laureats-des-verallia-design-awards-2026\/","title":{"rendered":"F\u00e9licitations aux laur\u00e9ats des Verallia Design Awards 2026"},"content":{"rendered":"\t\t<div data-elementor-type=\"wp-post\" data-elementor-id=\"105522\" class=\"elementor elementor-105522\" data-elementor-post-type=\"post\">\n\t\t\t\t<div class=\"elementor-element elementor-element-449ab4a e-con-full e-flex e-con e-parent\" data-id=\"449ab4a\" data-element_type=\"container\" data-e-type=\"container\">\n\t\t\t\t<div class=\"elementor-element elementor-element-da4b526 elementor-widget elementor-widget-text-editor\" data-id=\"da4b526\" data-element_type=\"widget\" data-e-type=\"widget\" data-widget_type=\"text-editor.default\">\n\t\t\t\t<div class=\"elementor-widget-container\">\n\t\t\t\t\t\t\t\t\t<div><p>Pour sa 17\u1d49 \u00e9dition, les Verallia Design Awards ont mis \u00e0 l&#8217;honneur la cr\u00e9ativit\u00e9 des \u00e9tudiants et jeunes dipl\u00f4m\u00e9s autour du th\u00e8me <strong>\u00ab Verre &amp; Vertus : l&#8217;audace du design au service du bien-\u00eatre et de la durabilit\u00e9 \u00bb<\/strong>. Inspir\u00e9 de la tendance <strong>\u00ab Care Culture \u00bb<\/strong>, issue du<a href=\"https:\/\/www.verallia.com\/communique-de-presse\/tendances-2026\/\"> Carnet de Tendances Verallia 2026<\/a>, le concours invitait les participants \u00e0 imaginer des packagings verriers innovants r\u00e9pondant aux nouveaux modes de consommation, entre bien-\u00eatre, naturalit\u00e9 et \u00e9co-conception.<\/p><p>V\u00e9ritable tremplin pour les talents du design depuis sa cr\u00e9ation en 2009, l&#8217;\u00e9v\u00e9nement a une nouvelle fois rencontr\u00e9 un fort succ\u00e8s. Cette ann\u00e9e, <strong>675 participants issus de plus de 100 \u00e9coles sup\u00e9rieures<\/strong> ont pris part \u00e0 la comp\u00e9tition, donnant naissance \u00e0 <strong>319 projets<\/strong>.<\/p><p>Apr\u00e8s une premi\u00e8re phase de s\u00e9lection, les projets retenus ont \u00e9t\u00e9 examin\u00e9s par un jury compos\u00e9 de professionnels du design, du packaging et de l&#8217;innovation. \u00c0 l&#8217;issue des d\u00e9lib\u00e9rations, plusieurs cr\u00e9ations se sont distingu\u00e9es par leur cr\u00e9ativit\u00e9, leur pertinence face aux enjeux de durabilit\u00e9 et leur capacit\u00e9 \u00e0 r\u00e9inventer les usages du verre.<\/p><\/div>\t\t\t\t\t\t\t\t<\/div>\n\t\t\t\t<\/div>\n\t\t\t\t<div class=\"elementor-element elementor-element-fef9e8c elementor-widget elementor-widget-heading\" data-id=\"fef9e8c\" data-element_type=\"widget\" data-e-type=\"widget\" data-widget_type=\"heading.default\">\n\t\t\t\t<div class=\"elementor-widget-container\">\n\t\t\t\t\t<h2 class=\"elementor-heading-title elementor-size-default\">Le Th\u00e8me : Verre &amp; Vertus !<\/h2>\t\t\t\t<\/div>\n\t\t\t\t<\/div>\n\t\t\t\t<div class=\"elementor-element elementor-element-808ca61 elementor-widget__width-inherit elementor-widget elementor-widget-text-editor\" data-id=\"808ca61\" data-element_type=\"widget\" data-e-type=\"widget\" data-widget_type=\"text-editor.default\">\n\t\t\t\t<div class=\"elementor-widget-container\">\n\t\t\t\t\t\t\t\t\t<p>Cette ann\u00e9e, les Verallia Design Awards ont c\u00e9l\u00e9br\u00e9 le verre comme un v\u00e9ritable alli\u00e9 du bien-\u00eatre, de la sant\u00e9 et de la durabilit\u00e9. Les participants \u00e9taient invit\u00e9s \u00e0 imaginer des emballages en verre capables de mettre en valeur les propri\u00e9t\u00e9s naturelles des produits, les ingr\u00e9dients fonctionnels et les nouveaux modes de consommation. \u00c0 travers cette th\u00e9matique, le verre s&#8217;affirme comme un mat\u00e9riau d&#8217;exception, au service du bien-\u00eatre du corps, de l&#8217;esprit et de la plan\u00e8te.<\/p><div><p>Le concours encourageait ainsi les \u00e9tudiants \u00e0 concevoir des packagings r\u00e9pondant aux attentes actuelles des consommateurs en mati\u00e8re de bien-\u00eatre, de naturalit\u00e9 et d&#8217;\u00e9co-conception. Tout au long de l&#8217;ann\u00e9e, les candidats ont b\u00e9n\u00e9fici\u00e9 d&#8217;un accompagnement d\u00e9di\u00e9, incluant des visites de sites industriels, des pr\u00e9sentations en \u00e9coles et des webinaires, afin de d\u00e9velopper des concepts alliant cr\u00e9ativit\u00e9, faisabilit\u00e9 technique et responsabilit\u00e9 environnementale.<\/p><p>Les participants pouvaient concourir dans plusieurs cat\u00e9gories :<\/p><ul><li><strong>Vin tranquille ou effervescent Nolow<\/strong>, autour des nouvelles exp\u00e9riences de d\u00e9gustation avec peu ou sans alcool.<\/li><li><strong>Boissons fonctionnelles &amp; RTD<\/strong>, inspir\u00e9es par l&#8217;essor des boissons contribuant au bien-\u00eatre, telles que les k\u00e9firs, les infusions ou les boissons \u00e9nergisantes naturelles.<\/li><li><strong>Packaging food pour les sauces<\/strong>, avec des cr\u00e9ations mettant en valeur des produits alimentaires et leurs ingr\u00e9dients.<\/li><li><strong>Prix D\u00e9cor<\/strong>, r\u00e9compensant l&#8217;utilisation cr\u00e9ative et responsable des techniques de d\u00e9coration du verre.<\/li><li><strong>Coup de c\u0153ur des salari\u00e9s<\/strong>, d\u00e9cern\u00e9 par les collaborateurs de Verallia \u00e0 leur projet favori.<\/li><li><strong>Nouveaut\u00e9 2026 : le Prix Sp\u00e9cial R\u00e9my Cointreau.<\/strong> Pour la premi\u00e8re fois, les \u00e9tudiants ont travaill\u00e9 sur un brief inspir\u00e9 des enjeux r\u00e9els d&#8217;une marque embl\u00e9matique. Cette initiative leur a permis de confronter leur cr\u00e9ativit\u00e9 aux attentes concr\u00e8tes du march\u00e9 et aux probl\u00e9matiques de l&#8217;industrie, tout en renfor\u00e7ant les liens entre formation, innovation et monde professionnel.<\/li><\/ul><\/div>\t\t\t\t\t\t\t\t<\/div>\n\t\t\t\t<\/div>\n\t\t\t\t<\/div>\n\t\t<div class=\"elementor-element elementor-element-928c244 e-con-full e-flex e-con e-parent\" data-id=\"928c244\" data-element_type=\"container\" data-e-type=\"container\">\n\t\t<div class=\"elementor-element elementor-element-d4329ef e-flex e-con-boxed e-con e-child\" data-id=\"d4329ef\" data-element_type=\"container\" data-e-type=\"container\">\n\t\t\t\t\t<div class=\"e-con-inner\">\n\t\t\t\t<div class=\"elementor-element elementor-element-51bf66f elementor-widget elementor-widget-spacer\" data-id=\"51bf66f\" data-element_type=\"widget\" data-e-type=\"widget\" data-widget_type=\"spacer.default\">\n\t\t\t\t<div class=\"elementor-widget-container\">\n\t\t\t\t\t\t\t<div class=\"elementor-spacer\">\n\t\t\t<div class=\"elementor-spacer-inner\"><\/div>\n\t\t<\/div>\n\t\t\t\t\t\t<\/div>\n\t\t\t\t<\/div>\n\t\t\t\t\t<\/div>\n\t\t\t\t<\/div>\n\t\t\t\t<\/div>\n\t\t<div class=\"elementor-element elementor-element-d22fa6d e-flex e-con-boxed e-con e-parent\" data-id=\"d22fa6d\" data-element_type=\"container\" data-e-type=\"container\">\n\t\t\t\t\t<div class=\"e-con-inner\">\n\t\t\t\t<div class=\"elementor-element elementor-element-0a36179 elementor-widget elementor-widget-heading\" data-id=\"0a36179\" data-element_type=\"widget\" data-e-type=\"widget\" data-widget_type=\"heading.default\">\n\t\t\t\t<div class=\"elementor-widget-container\">\n\t\t\t\t\t<h2 class=\"elementor-heading-title elementor-size-default\">Les laur\u00e9ats et leurs projets<\/h2>\t\t\t\t<\/div>\n\t\t\t\t<\/div>\n\t\t\t\t\t<\/div>\n\t\t\t\t<\/div>\n\t\t<div class=\"elementor-element elementor-element-9da1bb1 e-con-full e-flex e-con e-parent\" data-id=\"9da1bb1\" data-element_type=\"container\" data-e-type=\"container\">\n\t\t<div class=\"elementor-element elementor-element-1dd73a2 e-con-full e-flex e-con e-child\" data-id=\"1dd73a2\" data-element_type=\"container\" data-e-type=\"container\">\n\t\t\t\t<div class=\"elementor-element elementor-element-f68986d elementor-widget elementor-widget-spacer\" data-id=\"f68986d\" data-element_type=\"widget\" data-e-type=\"widget\" data-widget_type=\"spacer.default\">\n\t\t\t\t<div class=\"elementor-widget-container\">\n\t\t\t\t\t\t\t<div class=\"elementor-spacer\">\n\t\t\t<div class=\"elementor-spacer-inner\"><\/div>\n\t\t<\/div>\n\t\t\t\t\t\t<\/div>\n\t\t\t\t<\/div>\n\t\t\t\t<div class=\"elementor-element elementor-element-021063c elementor-widget elementor-widget-text-editor\" data-id=\"021063c\" data-element_type=\"widget\" data-e-type=\"widget\" data-widget_type=\"text-editor.default\">\n\t\t\t\t<div class=\"elementor-widget-container\">\n\t\t\t\t\t\t\t\t\t<h5 style=\"text-align: left;\"><strong><em>Jouvence<\/em> &#8211; Lilian Coviaux<\/strong><\/h5><p style=\"text-align: left;\"><a href=\"https:\/\/lecolededesign.com\/fr\">Ecole de Design Nantes Atlantique<\/a><br \/><strong>Cat\u00e9gorie : Vin tranquille ou effervescent No\/low<\/strong><\/p><div><p style=\"text-align: left;\">Avec<em><strong> Jouvence<\/strong><\/em>, Lilian propose une nouvelle approche du vin sans alcool, en revisitant ses codes traditionnels dans un format moderne et \u00e9l\u00e9gant. Sa bouteille se distingue par ses reliefs inspir\u00e9s de la nature, qui lui donnent l&#8217;apparence d&#8217;un objet en pleine transformation tout en assurant une prise en main confortable. Con\u00e7ue aussi bien pour les moments de convivialit\u00e9 que pour les tables gastronomiques, <em>Jouvence<\/em> conserve l&#8217;image premium associ\u00e9e au vin. Son design int\u00e8gre \u00e9galement des surfaces adapt\u00e9es aux contraintes industrielles, facilitant l&#8217;\u00e9tiquetage et le transport tout au long du processus de production.<\/p><\/div>\t\t\t\t\t\t\t\t<\/div>\n\t\t\t\t<\/div>\n\t\t\t\t<div class=\"elementor-element elementor-element-905c8c6 elementor-widget elementor-widget-spacer\" data-id=\"905c8c6\" data-element_type=\"widget\" data-e-type=\"widget\" data-widget_type=\"spacer.default\">\n\t\t\t\t<div class=\"elementor-widget-container\">\n\t\t\t\t\t\t\t<div class=\"elementor-spacer\">\n\t\t\t<div class=\"elementor-spacer-inner\"><\/div>\n\t\t<\/div>\n\t\t\t\t\t\t<\/div>\n\t\t\t\t<\/div>\n\t\t\t\t<\/div>\n\t\t\t\t<div class=\"elementor-element elementor-element-c2b992f elementor-widget elementor-widget-spacer\" data-id=\"c2b992f\" data-element_type=\"widget\" data-e-type=\"widget\" data-widget_type=\"spacer.default\">\n\t\t\t\t<div class=\"elementor-widget-container\">\n\t\t\t\t\t\t\t<div class=\"elementor-spacer\">\n\t\t\t<div class=\"elementor-spacer-inner\"><\/div>\n\t\t<\/div>\n\t\t\t\t\t\t<\/div>\n\t\t\t\t<\/div>\n\t\t\t\t<div class=\"elementor-element elementor-element-b26252d elementor-widget elementor-widget-image\" data-id=\"b26252d\" data-element_type=\"widget\" data-e-type=\"widget\" data-widget_type=\"image.default\">\n\t\t\t\t<div class=\"elementor-widget-container\">\n\t\t\t\t\t\t\t\t\t\t\t\t\t\t\t<img fetchpriority=\"high\" decoding=\"async\" width=\"768\" height=\"1154\" src=\"https:\/\/design.awards.verallia.fr\/wp-content\/uploads\/2026\/08\/verallia-design-award-laetitia-daboville-0319-768x1154.jpg\" class=\"attachment-medium_large size-medium_large wp-image-105731\" alt=\"\" srcset=\"https:\/\/design.awards.verallia.fr\/wp-content\/uploads\/2026\/08\/verallia-design-award-laetitia-daboville-0319-768x1154.jpg 768w, https:\/\/design.awards.verallia.fr\/wp-content\/uploads\/2026\/08\/verallia-design-award-laetitia-daboville-0319-200x300.jpg 200w, https:\/\/design.awards.verallia.fr\/wp-content\/uploads\/2026\/08\/verallia-design-award-laetitia-daboville-0319-681x1024.jpg 681w, https:\/\/design.awards.verallia.fr\/wp-content\/uploads\/2026\/08\/verallia-design-award-laetitia-daboville-0319-1022x1536.jpg 1022w, https:\/\/design.awards.verallia.fr\/wp-content\/uploads\/2026\/08\/verallia-design-award-laetitia-daboville-0319-1363x2048.jpg 1363w, https:\/\/design.awards.verallia.fr\/wp-content\/uploads\/2026\/08\/verallia-design-award-laetitia-daboville-0319-scaled.jpg 1703w\" sizes=\"(max-width: 768px) 100vw, 768px\" \/>\t\t\t\t\t\t\t\t\t\t\t\t\t\t\t<\/div>\n\t\t\t\t<\/div>\n\t\t\t\t<\/div>\n\t\t<div class=\"elementor-element elementor-element-f6fdaac e-con-full e-flex e-con e-parent\" data-id=\"f6fdaac\" data-element_type=\"container\" data-e-type=\"container\">\n\t\t<div class=\"elementor-element elementor-element-7a1a2f9 e-con-full e-flex e-con e-child\" data-id=\"7a1a2f9\" data-element_type=\"container\" data-e-type=\"container\">\n\t\t\t\t<div class=\"elementor-element elementor-element-23df580 elementor-widget elementor-widget-image\" data-id=\"23df580\" data-element_type=\"widget\" data-e-type=\"widget\" data-widget_type=\"image.default\">\n\t\t\t\t<div class=\"elementor-widget-container\">\n\t\t\t\t\t\t\t\t\t\t\t\t\t\t\t<img decoding=\"async\" width=\"768\" height=\"1154\" src=\"https:\/\/design.awards.verallia.fr\/wp-content\/uploads\/2026\/08\/verallia-design-award-laetitia-daboville-0556-768x1154.jpg\" class=\"attachment-medium_large size-medium_large wp-image-105534\" alt=\"\" srcset=\"https:\/\/design.awards.verallia.fr\/wp-content\/uploads\/2026\/08\/verallia-design-award-laetitia-daboville-0556-768x1154.jpg 768w, https:\/\/design.awards.verallia.fr\/wp-content\/uploads\/2026\/08\/verallia-design-award-laetitia-daboville-0556-200x300.jpg 200w, https:\/\/design.awards.verallia.fr\/wp-content\/uploads\/2026\/08\/verallia-design-award-laetitia-daboville-0556-681x1024.jpg 681w, https:\/\/design.awards.verallia.fr\/wp-content\/uploads\/2026\/08\/verallia-design-award-laetitia-daboville-0556-1022x1536.jpg 1022w, https:\/\/design.awards.verallia.fr\/wp-content\/uploads\/2026\/08\/verallia-design-award-laetitia-daboville-0556-1362x2048.jpg 1362w, https:\/\/design.awards.verallia.fr\/wp-content\/uploads\/2026\/08\/verallia-design-award-laetitia-daboville-0556-scaled.jpg 1703w\" sizes=\"(max-width: 768px) 100vw, 768px\" \/>\t\t\t\t\t\t\t\t\t\t\t\t\t\t\t<\/div>\n\t\t\t\t<\/div>\n\t\t\t\t<\/div>\n\t\t\t\t<div class=\"elementor-element elementor-element-d388af0 elementor-widget-widescreen__width-initial elementor-widget elementor-widget-spacer\" data-id=\"d388af0\" data-element_type=\"widget\" data-e-type=\"widget\" data-widget_type=\"spacer.default\">\n\t\t\t\t<div class=\"elementor-widget-container\">\n\t\t\t\t\t\t\t<div class=\"elementor-spacer\">\n\t\t\t<div class=\"elementor-spacer-inner\"><\/div>\n\t\t<\/div>\n\t\t\t\t\t\t<\/div>\n\t\t\t\t<\/div>\n\t\t<div class=\"elementor-element elementor-element-7eb3781 e-con-full e-flex e-con e-child\" data-id=\"7eb3781\" data-element_type=\"container\" data-e-type=\"container\">\n\t\t\t\t<div class=\"elementor-element elementor-element-b186711 elementor-widget elementor-widget-spacer\" data-id=\"b186711\" data-element_type=\"widget\" data-e-type=\"widget\" data-widget_type=\"spacer.default\">\n\t\t\t\t<div class=\"elementor-widget-container\">\n\t\t\t\t\t\t\t<div class=\"elementor-spacer\">\n\t\t\t<div class=\"elementor-spacer-inner\"><\/div>\n\t\t<\/div>\n\t\t\t\t\t\t<\/div>\n\t\t\t\t<\/div>\n\t\t\t\t<div class=\"elementor-element elementor-element-cf3b49b elementor-widget elementor-widget-text-editor\" data-id=\"cf3b49b\" data-element_type=\"widget\" data-e-type=\"widget\" data-widget_type=\"text-editor.default\">\n\t\t\t\t<div class=\"elementor-widget-container\">\n\t\t\t\t\t\t\t\t\t<h5 style=\"text-align: right;\"><strong><em>Cycle<\/em> &#8211; Camille D\u00e9niel<br><\/strong><\/h5>\n<p style=\"text-align: right;\"><a href=\"https:\/\/lecolededesign.com\/fr\">Ecole de Design Nantes Atlantique<\/a><br><strong>Cat\u00e9gorie : Boissons fonctionnelles &amp; RTD<\/strong><\/p>\n<p style=\"text-align: right;\">Con\u00e7u pour valoriser l\u2019univers des boissons fonctionnelles, le projet&nbsp;<em>Cycle&nbsp;<\/em>revisite les codes de l\u2019herboristerie et de la pharmacie traditionnelle \u00e0 travers une bouteille de 33 cl. Son design se distingue par un \u00e9l\u00e9gant d\u00e9cor grav\u00e9 dans le verre, inspir\u00e9 par les reflets de l\u2019eau et les m\u00e9andres des rivi\u00e8res, qui apporte \u00e0 la fois une identit\u00e9 visuelle forte et une prise en main ergonomique. Pens\u00e9 dans une d\u00e9marche durable, la bouteille met en valeur la couleur naturelle du k\u00e9fir tout en \u00e9tant adapt\u00e9 \u00e0 la production.&nbsp;<\/p>\t\t\t\t\t\t\t\t<\/div>\n\t\t\t\t<\/div>\n\t\t\t\t<div class=\"elementor-element elementor-element-87d1eff elementor-widget elementor-widget-spacer\" data-id=\"87d1eff\" data-element_type=\"widget\" data-e-type=\"widget\" data-widget_type=\"spacer.default\">\n\t\t\t\t<div class=\"elementor-widget-container\">\n\t\t\t\t\t\t\t<div class=\"elementor-spacer\">\n\t\t\t<div class=\"elementor-spacer-inner\"><\/div>\n\t\t<\/div>\n\t\t\t\t\t\t<\/div>\n\t\t\t\t<\/div>\n\t\t\t\t<\/div>\n\t\t\t\t<\/div>\n\t\t<div class=\"elementor-element elementor-element-9dde198 e-flex e-con-boxed e-con e-parent\" data-id=\"9dde198\" data-element_type=\"container\" data-e-type=\"container\">\n\t\t\t\t\t<div class=\"e-con-inner\">\n\t\t<div class=\"elementor-element elementor-element-f235a81 e-con-full e-flex e-con e-child\" data-id=\"f235a81\" data-element_type=\"container\" data-e-type=\"container\">\n\t\t\t\t<div class=\"elementor-element elementor-element-8752cce elementor-widget elementor-widget-spacer\" data-id=\"8752cce\" data-element_type=\"widget\" data-e-type=\"widget\" data-widget_type=\"spacer.default\">\n\t\t\t\t<div class=\"elementor-widget-container\">\n\t\t\t\t\t\t\t<div class=\"elementor-spacer\">\n\t\t\t<div class=\"elementor-spacer-inner\"><\/div>\n\t\t<\/div>\n\t\t\t\t\t\t<\/div>\n\t\t\t\t<\/div>\n\t\t\t\t<div class=\"elementor-element elementor-element-b82f4d4 elementor-widget elementor-widget-text-editor\" data-id=\"b82f4d4\" data-element_type=\"widget\" data-e-type=\"widget\" data-widget_type=\"text-editor.default\">\n\t\t\t\t<div class=\"elementor-widget-container\">\n\t\t\t\t\t\t\t\t\t<h5 style=\"text-align: left;\"><strong><em>Alchymia<\/em> \u2013 Anna Samagina<\/strong><\/h5>\n<p style=\"text-align: left;\"><a href=\"https:\/\/ecoles-conde.com\/campus\/ecole-de-conde-paris\/\">\u00c9cole de Cond\u00e9<\/a><br><strong>Cat\u00e9gorie : Packaging food pour les sauces<\/strong><\/p>\n<div>\n<p style=\"text-align: left;\">Le projet&nbsp;<em>Alchymia&nbsp;<\/em>s&#8217;inspire \u00e0 la fois de l&#8217;univers de la gastronomie, de la science et des anciennes officines pour r\u00e9inventer le packaging des sauces premium. Son pot en verre adopte une silhouette g\u00e9om\u00e9trique aux facettes \u00e9l\u00e9gantes qui met en valeur les couleurs et la richesse visuelle des condiments gr\u00e2ce aux jeux de transparence du verre. Pens\u00e9 pour r\u00e9pondre aux exigences du march\u00e9, il associe esth\u00e9tisme et praticit\u00e9 avec des faces lat\u00e9rales plates facilitant la mise en rayon et la logistique. Un cabochon en relief sur la face avant vient compl\u00e9ter l&#8217;ensemble et renforcer l&#8217;identit\u00e9 de la marque.<\/p>\n<\/div>\t\t\t\t\t\t\t\t<\/div>\n\t\t\t\t<\/div>\n\t\t\t\t<div class=\"elementor-element elementor-element-e517f09 elementor-widget elementor-widget-spacer\" data-id=\"e517f09\" data-element_type=\"widget\" data-e-type=\"widget\" data-widget_type=\"spacer.default\">\n\t\t\t\t<div class=\"elementor-widget-container\">\n\t\t\t\t\t\t\t<div class=\"elementor-spacer\">\n\t\t\t<div class=\"elementor-spacer-inner\"><\/div>\n\t\t<\/div>\n\t\t\t\t\t\t<\/div>\n\t\t\t\t<\/div>\n\t\t\t\t<\/div>\n\t\t\t\t<div class=\"elementor-element elementor-element-08dd4f6 elementor-widget elementor-widget-spacer\" data-id=\"08dd4f6\" data-element_type=\"widget\" data-e-type=\"widget\" data-widget_type=\"spacer.default\">\n\t\t\t\t<div class=\"elementor-widget-container\">\n\t\t\t\t\t\t\t<div class=\"elementor-spacer\">\n\t\t\t<div class=\"elementor-spacer-inner\"><\/div>\n\t\t<\/div>\n\t\t\t\t\t\t<\/div>\n\t\t\t\t<\/div>\n\t\t\t\t<div class=\"elementor-element elementor-element-5d4cd8d elementor-widget elementor-widget-image\" data-id=\"5d4cd8d\" data-element_type=\"widget\" data-e-type=\"widget\" data-widget_type=\"image.default\">\n\t\t\t\t<div class=\"elementor-widget-container\">\n\t\t\t\t\t\t\t\t\t\t\t\t\t\t\t<img decoding=\"async\" width=\"768\" height=\"1152\" src=\"https:\/\/design.awards.verallia.fr\/wp-content\/uploads\/2026\/08\/verallia-design-award-laetitia-daboville-1510-768x1152.jpg\" class=\"attachment-medium_large size-medium_large wp-image-105536\" alt=\"\" srcset=\"https:\/\/design.awards.verallia.fr\/wp-content\/uploads\/2026\/08\/verallia-design-award-laetitia-daboville-1510-768x1152.jpg 768w, https:\/\/design.awards.verallia.fr\/wp-content\/uploads\/2026\/08\/verallia-design-award-laetitia-daboville-1510-200x300.jpg 200w, https:\/\/design.awards.verallia.fr\/wp-content\/uploads\/2026\/08\/verallia-design-award-laetitia-daboville-1510-683x1024.jpg 683w, https:\/\/design.awards.verallia.fr\/wp-content\/uploads\/2026\/08\/verallia-design-award-laetitia-daboville-1510.jpg 945w\" sizes=\"(max-width: 768px) 100vw, 768px\" \/>\t\t\t\t\t\t\t\t\t\t\t\t\t\t\t<\/div>\n\t\t\t\t<\/div>\n\t\t\t\t\t<\/div>\n\t\t\t\t<\/div>\n\t\t<div class=\"elementor-element elementor-element-9a595bb e-flex e-con-boxed e-con e-parent\" data-id=\"9a595bb\" data-element_type=\"container\" data-e-type=\"container\">\n\t\t\t\t\t<div class=\"e-con-inner\">\n\t\t\t\t<div class=\"elementor-element elementor-element-d00ec02 elementor-widget elementor-widget-image\" data-id=\"d00ec02\" data-element_type=\"widget\" data-e-type=\"widget\" data-widget_type=\"image.default\">\n\t\t\t\t<div class=\"elementor-widget-container\">\n\t\t\t\t\t\t\t\t\t\t\t\t\t\t\t<img loading=\"lazy\" decoding=\"async\" width=\"768\" height=\"1152\" src=\"https:\/\/design.awards.verallia.fr\/wp-content\/uploads\/2026\/08\/verallia-design-award-laetitia-daboville-1464-768x1152.jpg\" class=\"attachment-medium_large size-medium_large wp-image-105538\" alt=\"\" srcset=\"https:\/\/design.awards.verallia.fr\/wp-content\/uploads\/2026\/08\/verallia-design-award-laetitia-daboville-1464-768x1152.jpg 768w, https:\/\/design.awards.verallia.fr\/wp-content\/uploads\/2026\/08\/verallia-design-award-laetitia-daboville-1464-200x300.jpg 200w, https:\/\/design.awards.verallia.fr\/wp-content\/uploads\/2026\/08\/verallia-design-award-laetitia-daboville-1464-683x1024.jpg 683w, https:\/\/design.awards.verallia.fr\/wp-content\/uploads\/2026\/08\/verallia-design-award-laetitia-daboville-1464-1024x1536.jpg 1024w, https:\/\/design.awards.verallia.fr\/wp-content\/uploads\/2026\/08\/verallia-design-award-laetitia-daboville-1464-1365x2048.jpg 1365w, https:\/\/design.awards.verallia.fr\/wp-content\/uploads\/2026\/08\/verallia-design-award-laetitia-daboville-1464-scaled.jpg 1707w\" sizes=\"(max-width: 768px) 100vw, 768px\" \/>\t\t\t\t\t\t\t\t\t\t\t\t\t\t\t<\/div>\n\t\t\t\t<\/div>\n\t\t\t\t<div class=\"elementor-element elementor-element-e6aadd6 elementor-widget-widescreen__width-initial elementor-widget elementor-widget-spacer\" data-id=\"e6aadd6\" data-element_type=\"widget\" data-e-type=\"widget\" data-widget_type=\"spacer.default\">\n\t\t\t\t<div class=\"elementor-widget-container\">\n\t\t\t\t\t\t\t<div class=\"elementor-spacer\">\n\t\t\t<div class=\"elementor-spacer-inner\"><\/div>\n\t\t<\/div>\n\t\t\t\t\t\t<\/div>\n\t\t\t\t<\/div>\n\t\t<div class=\"elementor-element elementor-element-c839752 e-con-full e-flex e-con e-child\" data-id=\"c839752\" data-element_type=\"container\" data-e-type=\"container\">\n\t\t\t\t<div class=\"elementor-element elementor-element-c731c58 elementor-widget elementor-widget-spacer\" data-id=\"c731c58\" data-element_type=\"widget\" data-e-type=\"widget\" data-widget_type=\"spacer.default\">\n\t\t\t\t<div class=\"elementor-widget-container\">\n\t\t\t\t\t\t\t<div class=\"elementor-spacer\">\n\t\t\t<div class=\"elementor-spacer-inner\"><\/div>\n\t\t<\/div>\n\t\t\t\t\t\t<\/div>\n\t\t\t\t<\/div>\n\t\t\t\t<div class=\"elementor-element elementor-element-35a066d elementor-widget elementor-widget-text-editor\" data-id=\"35a066d\" data-element_type=\"widget\" data-e-type=\"widget\" data-widget_type=\"text-editor.default\">\n\t\t\t\t<div class=\"elementor-widget-container\">\n\t\t\t\t\t\t\t\t\t<h5 style=\"text-align: right;\"><strong><em>La vertu des pierres, un rituel de lumi\u00e8re<\/em> \u2013 Katelyn Crosnier<\/strong><\/h5>\n<p style=\"text-align: right;\"><a href=\"https:\/\/www.agr.fr\/\">AGR Ecole de l\u2019Image Rennes<\/a><br><strong>Cat\u00e9gorie : Prix D\u00e9cor<\/strong><\/p>\n<div>\n<p style=\"text-align: right;\">Le projet<em>&nbsp;La Vertu des Pierres, un rituel de lumi\u00e8re<\/em>&nbsp;puise son inspiration dans l&#8217;univers min\u00e9ral et les codes de la lithoth\u00e9rapie. Pens\u00e9e comme un v\u00e9ritable objet symbolique, la bouteille \u00e9voque un talisman ou une pierre pr\u00e9cieuse, transformant le verre en un support d&#8217;expression et d&#8217;\u00e9motion visuelle. Le d\u00e9cor associe avec subtilit\u00e9 des effets de dorure et de gaufrage pour recr\u00e9er les reflets, la profondeur et les nuances changeantes du quartz et de la nacre. Compl\u00e9t\u00e9e par un d\u00e9cor aux lignes fluides, la cr\u00e9ation forme un ensemble harmonieux qui sublime la transparence naturelle et la robe du vin blanc.<\/p>\n<\/div>\t\t\t\t\t\t\t\t<\/div>\n\t\t\t\t<\/div>\n\t\t\t\t<div class=\"elementor-element elementor-element-c920062 elementor-widget elementor-widget-spacer\" data-id=\"c920062\" data-element_type=\"widget\" data-e-type=\"widget\" data-widget_type=\"spacer.default\">\n\t\t\t\t<div class=\"elementor-widget-container\">\n\t\t\t\t\t\t\t<div class=\"elementor-spacer\">\n\t\t\t<div class=\"elementor-spacer-inner\"><\/div>\n\t\t<\/div>\n\t\t\t\t\t\t<\/div>\n\t\t\t\t<\/div>\n\t\t\t\t<\/div>\n\t\t\t\t\t<\/div>\n\t\t\t\t<\/div>\n\t\t<div class=\"elementor-element elementor-element-ae5baae e-flex e-con-boxed e-con e-parent\" data-id=\"ae5baae\" data-element_type=\"container\" data-e-type=\"container\">\n\t\t\t\t\t<div class=\"e-con-inner\">\n\t\t<div class=\"elementor-element elementor-element-2ea8c8c e-con-full e-flex e-con e-child\" data-id=\"2ea8c8c\" data-element_type=\"container\" data-e-type=\"container\">\n\t\t\t\t<div class=\"elementor-element elementor-element-4afc45f elementor-widget elementor-widget-spacer\" data-id=\"4afc45f\" data-element_type=\"widget\" data-e-type=\"widget\" data-widget_type=\"spacer.default\">\n\t\t\t\t<div class=\"elementor-widget-container\">\n\t\t\t\t\t\t\t<div class=\"elementor-spacer\">\n\t\t\t<div class=\"elementor-spacer-inner\"><\/div>\n\t\t<\/div>\n\t\t\t\t\t\t<\/div>\n\t\t\t\t<\/div>\n\t\t\t\t<div class=\"elementor-element elementor-element-449e5e1 elementor-widget elementor-widget-text-editor\" data-id=\"449e5e1\" data-element_type=\"widget\" data-e-type=\"widget\" data-widget_type=\"text-editor.default\">\n\t\t\t\t<div class=\"elementor-widget-container\">\n\t\t\t\t\t\t\t\t\t<h5 style=\"text-align: left;\"><strong><em>Promesse d\u2019\u00e9t\u00e9<\/em> \u2013 Emilio Piehler<\/strong><\/h5><p style=\"text-align: left;\"><a href=\"https:\/\/www.dnmadeisg6.paris\/\">Institut Sainte Genevi\u00e8ve \u00a0<\/a><br \/><strong>Cat\u00e9gorie : Coup de c\u0153ur des salari\u00e9s<\/strong><\/p><div><p style=\"text-align: left;\">Avec\u00a0<em>Promesse d&#8217;\u00e9t\u00e9<\/em>, Emilio a imagin\u00e9 une bouteille de ros\u00e9 qui capture l&#8217;esprit des moments estivaux et du partage. Son design aux formes organiques s&#8217;inspire des paysages du littoral m\u00e9diterran\u00e9en, avec des courbes douces et des reliefs \u00e9voquant les rochers fa\u00e7onn\u00e9s par le vent et la mer. Le jeu de lumi\u00e8re cr\u00e9\u00e9 par les variations de profondeur du verre apporte une dimension \u00e0 la fois esth\u00e9tique et sensorielle \u00e0 l&#8217;ensemble. Fid\u00e8le aux principes de l&#8217;\u00e9co-conception, le projet privil\u00e9gie la recyclabilit\u00e9 en supprimant les \u00e9l\u00e9ments superflus, comme la capsule, et en utilisant une \u00e9tiquette en papier recycl\u00e9 fix\u00e9e avec une colle \u00e9cologique.\u00a0<\/p><\/div>\t\t\t\t\t\t\t\t<\/div>\n\t\t\t\t<\/div>\n\t\t\t\t<div class=\"elementor-element elementor-element-928b562 elementor-widget elementor-widget-spacer\" data-id=\"928b562\" data-element_type=\"widget\" data-e-type=\"widget\" data-widget_type=\"spacer.default\">\n\t\t\t\t<div class=\"elementor-widget-container\">\n\t\t\t\t\t\t\t<div class=\"elementor-spacer\">\n\t\t\t<div class=\"elementor-spacer-inner\"><\/div>\n\t\t<\/div>\n\t\t\t\t\t\t<\/div>\n\t\t\t\t<\/div>\n\t\t\t\t<\/div>\n\t\t\t\t<div class=\"elementor-element elementor-element-841f358 elementor-widget elementor-widget-spacer\" data-id=\"841f358\" data-element_type=\"widget\" data-e-type=\"widget\" data-widget_type=\"spacer.default\">\n\t\t\t\t<div class=\"elementor-widget-container\">\n\t\t\t\t\t\t\t<div class=\"elementor-spacer\">\n\t\t\t<div class=\"elementor-spacer-inner\"><\/div>\n\t\t<\/div>\n\t\t\t\t\t\t<\/div>\n\t\t\t\t<\/div>\n\t\t\t\t<div class=\"elementor-element elementor-element-4f2dae0 elementor-widget elementor-widget-image\" data-id=\"4f2dae0\" data-element_type=\"widget\" data-e-type=\"widget\" data-widget_type=\"image.default\">\n\t\t\t\t<div class=\"elementor-widget-container\">\n\t\t\t\t\t\t\t\t\t\t\t\t\t\t\t<img loading=\"lazy\" decoding=\"async\" width=\"768\" height=\"1152\" src=\"https:\/\/design.awards.verallia.fr\/wp-content\/uploads\/2026\/08\/verallia-design-award-laetitia-daboville-1535-768x1152.jpg\" class=\"attachment-medium_large size-medium_large wp-image-105540\" alt=\"\" srcset=\"https:\/\/design.awards.verallia.fr\/wp-content\/uploads\/2026\/08\/verallia-design-award-laetitia-daboville-1535-768x1152.jpg 768w, https:\/\/design.awards.verallia.fr\/wp-content\/uploads\/2026\/08\/verallia-design-award-laetitia-daboville-1535-200x300.jpg 200w, https:\/\/design.awards.verallia.fr\/wp-content\/uploads\/2026\/08\/verallia-design-award-laetitia-daboville-1535-683x1024.jpg 683w, https:\/\/design.awards.verallia.fr\/wp-content\/uploads\/2026\/08\/verallia-design-award-laetitia-daboville-1535.jpg 945w\" sizes=\"(max-width: 768px) 100vw, 768px\" \/>\t\t\t\t\t\t\t\t\t\t\t\t\t\t\t<\/div>\n\t\t\t\t<\/div>\n\t\t\t\t\t<\/div>\n\t\t\t\t<\/div>\n\t\t<div class=\"elementor-element elementor-element-58bfaae e-flex e-con-boxed e-con e-parent\" data-id=\"58bfaae\" data-element_type=\"container\" data-e-type=\"container\">\n\t\t\t\t\t<div class=\"e-con-inner\">\n\t\t<div class=\"elementor-element elementor-element-92a5b06 e-con-full e-flex e-con e-child\" data-id=\"92a5b06\" data-element_type=\"container\" data-e-type=\"container\">\n\t\t\t\t<div class=\"elementor-element elementor-element-af5dbcc elementor-widget elementor-widget-image\" data-id=\"af5dbcc\" data-element_type=\"widget\" data-e-type=\"widget\" data-widget_type=\"image.default\">\n\t\t\t\t<div class=\"elementor-widget-container\">\n\t\t\t\t\t\t\t\t\t\t\t\t\t\t\t<img decoding=\"async\" src=\"https:\/\/design.awards.verallia.fr\/wp-content\/uploads\/2025\/07\/emailing-visites-dusine-8.png\" title=\"\" alt=\"\" loading=\"lazy\" \/>\t\t\t\t\t\t\t\t\t\t\t\t\t\t\t<\/div>\n\t\t\t\t<\/div>\n\t\t\t\t<div class=\"elementor-element elementor-element-312cd8c elementor-widget elementor-widget-image\" data-id=\"312cd8c\" data-element_type=\"widget\" data-e-type=\"widget\" data-widget_type=\"image.default\">\n\t\t\t\t<div class=\"elementor-widget-container\">\n\t\t\t\t\t\t\t\t\t\t\t\t\t\t\t<img loading=\"lazy\" decoding=\"async\" width=\"768\" height=\"1154\" src=\"https:\/\/design.awards.verallia.fr\/wp-content\/uploads\/2026\/08\/verallia-design-award-laetitia-daboville-0043-768x1154.jpg\" class=\"attachment-medium_large size-medium_large wp-image-105527\" alt=\"\" srcset=\"https:\/\/design.awards.verallia.fr\/wp-content\/uploads\/2026\/08\/verallia-design-award-laetitia-daboville-0043-768x1154.jpg 768w, https:\/\/design.awards.verallia.fr\/wp-content\/uploads\/2026\/08\/verallia-design-award-laetitia-daboville-0043-200x300.jpg 200w, https:\/\/design.awards.verallia.fr\/wp-content\/uploads\/2026\/08\/verallia-design-award-laetitia-daboville-0043-681x1024.jpg 681w, https:\/\/design.awards.verallia.fr\/wp-content\/uploads\/2026\/08\/verallia-design-award-laetitia-daboville-0043-1022x1536.jpg 1022w, https:\/\/design.awards.verallia.fr\/wp-content\/uploads\/2026\/08\/verallia-design-award-laetitia-daboville-0043-1363x2048.jpg 1363w, https:\/\/design.awards.verallia.fr\/wp-content\/uploads\/2026\/08\/verallia-design-award-laetitia-daboville-0043-scaled.jpg 1703w\" sizes=\"(max-width: 768px) 100vw, 768px\" \/>\t\t\t\t\t\t\t\t\t\t\t\t\t\t\t<\/div>\n\t\t\t\t<\/div>\n\t\t\t\t<\/div>\n\t\t<div class=\"elementor-element elementor-element-177f8e5 e-con-full e-flex e-con e-child\" data-id=\"177f8e5\" data-element_type=\"container\" data-e-type=\"container\">\n\t\t\t\t<div class=\"elementor-element elementor-element-26087f5 elementor-widget elementor-widget-spacer\" data-id=\"26087f5\" data-element_type=\"widget\" data-e-type=\"widget\" data-widget_type=\"spacer.default\">\n\t\t\t\t<div class=\"elementor-widget-container\">\n\t\t\t\t\t\t\t<div class=\"elementor-spacer\">\n\t\t\t<div class=\"elementor-spacer-inner\"><\/div>\n\t\t<\/div>\n\t\t\t\t\t\t<\/div>\n\t\t\t\t<\/div>\n\t\t\t\t<div class=\"elementor-element elementor-element-442866c elementor-widget elementor-widget-text-editor\" data-id=\"442866c\" data-element_type=\"widget\" data-e-type=\"widget\" data-widget_type=\"text-editor.default\">\n\t\t\t\t<div class=\"elementor-widget-container\">\n\t\t\t\t\t\t\t\t\t<h5 style=\"text-align: right;\"><strong> <span class=\"TextRun SCXW211334521 BCX8\" lang=\"FR-FR\" xml:lang=\"FR-FR\" data-contrast=\"auto\"><span class=\"NormalTextRun SCXW211334521 BCX8\">Andy Marie-Joseph<\/span><\/span><\/strong><\/h5><p style=\"text-align: right;\"><a href=\"https:\/\/www.utc.fr\/\">Universit\u00e9 Technologique de Compi\u00e8gne (UTC)<\/a><br \/><strong>Cat\u00e9gorie : Prix Sp\u00e9cial R\u00e9my Cointreau<\/strong><\/p><div>\u00a0<\/div>\t\t\t\t\t\t\t\t<\/div>\n\t\t\t\t<\/div>\n\t\t\t\t<\/div>\n\t\t\t\t\t<\/div>\n\t\t\t\t<\/div>\n\t\t<div class=\"elementor-element elementor-element-2ddbf7e e-flex e-con-boxed e-con e-parent\" data-id=\"2ddbf7e\" data-element_type=\"container\" data-e-type=\"container\">\n\t\t\t\t\t<div class=\"e-con-inner\">\n\t\t\t\t<div class=\"elementor-element elementor-element-24ff79c elementor-widget elementor-widget-spacer\" data-id=\"24ff79c\" data-element_type=\"widget\" data-e-type=\"widget\" data-widget_type=\"spacer.default\">\n\t\t\t\t<div class=\"elementor-widget-container\">\n\t\t\t\t\t\t\t<div class=\"elementor-spacer\">\n\t\t\t<div class=\"elementor-spacer-inner\"><\/div>\n\t\t<\/div>\n\t\t\t\t\t\t<\/div>\n\t\t\t\t<\/div>\n\t\t\t\t<div class=\"elementor-element elementor-element-b6d002e elementor-widget elementor-widget-spacer\" data-id=\"b6d002e\" data-element_type=\"widget\" data-e-type=\"widget\" data-widget_type=\"spacer.default\">\n\t\t\t\t<div class=\"elementor-widget-container\">\n\t\t\t\t\t\t\t<div class=\"elementor-spacer\">\n\t\t\t<div class=\"elementor-spacer-inner\"><\/div>\n\t\t<\/div>\n\t\t\t\t\t\t<\/div>\n\t\t\t\t<\/div>\n\t\t\t\t<div class=\"elementor-element elementor-element-0629820 elementor-widget elementor-widget-text-editor\" data-id=\"0629820\" data-element_type=\"widget\" data-e-type=\"widget\" data-widget_type=\"text-editor.default\">\n\t\t\t\t<div class=\"elementor-widget-container\">\n\t\t\t\t\t\t\t\t\t<div>\n<p>Les Verallia Design Awards 2026 ont une nouvelle fois mis en lumi\u00e8re la cr\u00e9ativit\u00e9 et l&#8217;engagement des jeunes designers. Les projets pr\u00e9sent\u00e9s ont explor\u00e9 des univers centr\u00e9s sur le bien-\u00eatre, la naturalit\u00e9 et l&#8217;\u00e9co-conception. \u00c0 travers des concepts innovants li\u00e9s aux boissons et aliments fonctionnels, les candidats ont d\u00e9montr\u00e9 comment le packaging verrier peut accompagner les nouveaux rituels de consommation tout en r\u00e9pondant aux enjeux environnementaux d&#8217;aujourd&#8217;hui. F\u00e9licitations \u00e0 l&#8217;ensemble des laur\u00e9ats et participants, qui ont su faire du verre un v\u00e9ritable support d&#8217;innovation, de sens et de durabilit\u00e9.&nbsp;<\/p><p>Rendez-vous bient\u00f4t pour la 18\u00e8me \u00e9dition des Verallia Design Awards !<\/p>\n<\/div>\t\t\t\t\t\t\t\t<\/div>\n\t\t\t\t<\/div>\n\t\t\t\t\t<\/div>\n\t\t\t\t<\/div>\n\t\t\t\t<\/div>\n\t\t","protected":false},"excerpt":{"rendered":"<p>Pour sa 17\u1d49 \u00e9dition, les Verallia Design Awards ont mis \u00e0 l&#8217;honneur la cr\u00e9ativit\u00e9 des \u00e9tudiants et jeunes dipl\u00f4m\u00e9s autour du th\u00e8me \u00ab Verre &amp; Vertus : l&#8217;audace du design au service du bien-\u00eatre et de la durabilit\u00e9 \u00bb. Inspir\u00e9 de la tendance \u00ab Care Culture \u00bb, issue du Carnet de Tendances Verallia 2026, le [&hellip;]<\/p>\n","protected":false},"author":55773,"featured_media":105545,"comment_status":"closed","ping_status":"closed","sticky":false,"template":"","format":"standard","meta":{"_acf_changed":false,"footnotes":""},"categories":[23],"tags":[],"class_list":["post-105522","post","type-post","status-publish","format-standard","has-post-thumbnail","hentry","category-verallia"],"acf":[],"yoast_head":"<!-- This site is optimized with the Yoast SEO plugin v27.3 - https:\/\/yoast.com\/product\/yoast-seo-wordpress\/ -->\n<title>F\u00e9licitations aux laur\u00e9ats des Verallia Design Awards 2026 - Verallia Design Awards<\/title>\n<meta name=\"description\" content=\"Les Verallia Design Awards 2026 ont r\u00e9compens\u00e9 les cr\u00e9ations les plus innovantes autour du th\u00e8me \u00ab Verre &amp; Vertus \u00bb. D\u00e9couvrez les laur\u00e9ats\" \/>\n<meta name=\"robots\" content=\"index, follow, max-snippet:-1, max-image-preview:large, max-video-preview:-1\" \/>\n<link rel=\"canonical\" href=\"https:\/\/design.awards.verallia.fr\/fr\/felicitations-aux-laureats-des-verallia-design-awards-2026\/\" \/>\n<meta property=\"og:locale\" content=\"fr_FR\" \/>\n<meta property=\"og:type\" content=\"article\" \/>\n<meta property=\"og:title\" content=\"F\u00e9licitations aux laur\u00e9ats des Verallia Design Awards 2026 - Verallia Design Awards\" \/>\n<meta property=\"og:description\" content=\"Les Verallia Design Awards 2026 ont r\u00e9compens\u00e9 les cr\u00e9ations les plus innovantes autour du th\u00e8me \u00ab Verre &amp; Vertus \u00bb. D\u00e9couvrez les laur\u00e9ats\" \/>\n<meta property=\"og:url\" content=\"https:\/\/design.awards.verallia.fr\/fr\/felicitations-aux-laureats-des-verallia-design-awards-2026\/\" \/>\n<meta property=\"og:site_name\" content=\"Verallia Design Awards\" \/>\n<meta property=\"article:published_time\" content=\"2026-08-31T09:22:27+00:00\" \/>\n<meta property=\"article:modified_time\" content=\"2026-08-31T13:15:23+00:00\" \/>\n<meta property=\"og:image\" content=\"https:\/\/design.awards.verallia.fr\/wp-content\/uploads\/2026\/08\/verallia-design-award-laetitia-daboville-1687-scaled.jpg\" \/>\n\t<meta property=\"og:image:width\" content=\"2560\" \/>\n\t<meta property=\"og:image:height\" content=\"1707\" \/>\n\t<meta property=\"og:image:type\" content=\"image\/jpeg\" \/>\n<meta name=\"author\" content=\"Homerick Belia\" \/>\n<meta name=\"twitter:card\" content=\"summary_large_image\" \/>\n<meta name=\"twitter:label1\" content=\"\u00c9crit par\" \/>\n\t<meta name=\"twitter:data1\" content=\"Homerick Belia\" \/>\n\t<meta name=\"twitter:label2\" content=\"Dur\u00e9e de lecture estim\u00e9e\" \/>\n\t<meta name=\"twitter:data2\" content=\"8 minutes\" \/>\n<script type=\"application\/ld+json\" class=\"yoast-schema-graph\">{\"@context\":\"https:\\\/\\\/schema.org\",\"@graph\":[{\"@type\":\"Article\",\"@id\":\"https:\\\/\\\/design.awards.verallia.fr\\\/fr\\\/felicitations-aux-laureats-des-verallia-design-awards-2026\\\/#article\",\"isPartOf\":{\"@id\":\"https:\\\/\\\/design.awards.verallia.fr\\\/fr\\\/felicitations-aux-laureats-des-verallia-design-awards-2026\\\/\"},\"author\":{\"name\":\"Homerick Belia\",\"@id\":\"https:\\\/\\\/design.awards.verallia.fr\\\/fr\\\/#\\\/schema\\\/person\\\/f2837a1f0dbcbf6f3f04f1c092951b68\"},\"headline\":\"F\u00e9licitations aux laur\u00e9ats des Verallia Design Awards 2026\",\"datePublished\":\"2026-08-31T09:22:27+00:00\",\"dateModified\":\"2026-08-31T13:15:23+00:00\",\"mainEntityOfPage\":{\"@id\":\"https:\\\/\\\/design.awards.verallia.fr\\\/fr\\\/felicitations-aux-laureats-des-verallia-design-awards-2026\\\/\"},\"wordCount\":1297,\"publisher\":{\"@id\":\"https:\\\/\\\/design.awards.verallia.fr\\\/fr\\\/#organization\"},\"image\":{\"@id\":\"https:\\\/\\\/design.awards.verallia.fr\\\/fr\\\/felicitations-aux-laureats-des-verallia-design-awards-2026\\\/#primaryimage\"},\"thumbnailUrl\":\"https:\\\/\\\/design.awards.verallia.fr\\\/wp-content\\\/uploads\\\/2026\\\/08\\\/verallia-design-award-laetitia-daboville-1687-scaled.jpg\",\"articleSection\":[\"Verallia\"],\"inLanguage\":\"fr-FR\"},{\"@type\":\"WebPage\",\"@id\":\"https:\\\/\\\/design.awards.verallia.fr\\\/fr\\\/felicitations-aux-laureats-des-verallia-design-awards-2026\\\/\",\"url\":\"https:\\\/\\\/design.awards.verallia.fr\\\/fr\\\/felicitations-aux-laureats-des-verallia-design-awards-2026\\\/\",\"name\":\"F\u00e9licitations aux laur\u00e9ats des Verallia Design Awards 2026 - Verallia Design Awards\",\"isPartOf\":{\"@id\":\"https:\\\/\\\/design.awards.verallia.fr\\\/fr\\\/#website\"},\"primaryImageOfPage\":{\"@id\":\"https:\\\/\\\/design.awards.verallia.fr\\\/fr\\\/felicitations-aux-laureats-des-verallia-design-awards-2026\\\/#primaryimage\"},\"image\":{\"@id\":\"https:\\\/\\\/design.awards.verallia.fr\\\/fr\\\/felicitations-aux-laureats-des-verallia-design-awards-2026\\\/#primaryimage\"},\"thumbnailUrl\":\"https:\\\/\\\/design.awards.verallia.fr\\\/wp-content\\\/uploads\\\/2026\\\/08\\\/verallia-design-award-laetitia-daboville-1687-scaled.jpg\",\"datePublished\":\"2026-08-31T09:22:27+00:00\",\"dateModified\":\"2026-08-31T13:15:23+00:00\",\"description\":\"Les Verallia Design Awards 2026 ont r\u00e9compens\u00e9 les cr\u00e9ations les plus innovantes autour du th\u00e8me \u00ab Verre & Vertus \u00bb. D\u00e9couvrez les laur\u00e9ats\",\"breadcrumb\":{\"@id\":\"https:\\\/\\\/design.awards.verallia.fr\\\/fr\\\/felicitations-aux-laureats-des-verallia-design-awards-2026\\\/#breadcrumb\"},\"inLanguage\":\"fr-FR\",\"potentialAction\":[{\"@type\":\"ReadAction\",\"target\":[\"https:\\\/\\\/design.awards.verallia.fr\\\/fr\\\/felicitations-aux-laureats-des-verallia-design-awards-2026\\\/\"]}]},{\"@type\":\"ImageObject\",\"inLanguage\":\"fr-FR\",\"@id\":\"https:\\\/\\\/design.awards.verallia.fr\\\/fr\\\/felicitations-aux-laureats-des-verallia-design-awards-2026\\\/#primaryimage\",\"url\":\"https:\\\/\\\/design.awards.verallia.fr\\\/wp-content\\\/uploads\\\/2026\\\/08\\\/verallia-design-award-laetitia-daboville-1687-scaled.jpg\",\"contentUrl\":\"https:\\\/\\\/design.awards.verallia.fr\\\/wp-content\\\/uploads\\\/2026\\\/08\\\/verallia-design-award-laetitia-daboville-1687-scaled.jpg\",\"width\":2560,\"height\":1707,\"caption\":\"Verallia Design Award, 17eme \u00e9dition, Tour Carpe Diem, 2026, \u00a9 Laetitia d'Aboville\"},{\"@type\":\"BreadcrumbList\",\"@id\":\"https:\\\/\\\/design.awards.verallia.fr\\\/fr\\\/felicitations-aux-laureats-des-verallia-design-awards-2026\\\/#breadcrumb\",\"itemListElement\":[{\"@type\":\"ListItem\",\"position\":1,\"name\":\"Accueil\",\"item\":\"https:\\\/\\\/design.awards.verallia.fr\\\/fr\\\/\"},{\"@type\":\"ListItem\",\"position\":2,\"name\":\"F\u00e9licitations aux laur\u00e9ats des Verallia Design Awards 2026\"}]},{\"@type\":\"WebSite\",\"@id\":\"https:\\\/\\\/design.awards.verallia.fr\\\/fr\\\/#website\",\"url\":\"https:\\\/\\\/design.awards.verallia.fr\\\/fr\\\/\",\"name\":\"Verallia Design Awards\",\"description\":\"Verallia Design Award, le concours de design du packaging en verre\",\"publisher\":{\"@id\":\"https:\\\/\\\/design.awards.verallia.fr\\\/fr\\\/#organization\"},\"potentialAction\":[{\"@type\":\"SearchAction\",\"target\":{\"@type\":\"EntryPoint\",\"urlTemplate\":\"https:\\\/\\\/design.awards.verallia.fr\\\/fr\\\/?s={search_term_string}\"},\"query-input\":{\"@type\":\"PropertyValueSpecification\",\"valueRequired\":true,\"valueName\":\"search_term_string\"}}],\"inLanguage\":\"fr-FR\"},{\"@type\":\"Organization\",\"@id\":\"https:\\\/\\\/design.awards.verallia.fr\\\/fr\\\/#organization\",\"name\":\"Verallia Design Awards\",\"url\":\"https:\\\/\\\/design.awards.verallia.fr\\\/fr\\\/\",\"logo\":{\"@type\":\"ImageObject\",\"inLanguage\":\"fr-FR\",\"@id\":\"https:\\\/\\\/design.awards.verallia.fr\\\/fr\\\/#\\\/schema\\\/logo\\\/image\\\/\",\"url\":\"https:\\\/\\\/design.awards.verallia.fr\\\/wp-content\\\/uploads\\\/2023\\\/05\\\/logo-small.png\",\"contentUrl\":\"https:\\\/\\\/design.awards.verallia.fr\\\/wp-content\\\/uploads\\\/2023\\\/05\\\/logo-small.png\",\"width\":198,\"height\":117,\"caption\":\"Verallia Design Awards\"},\"image\":{\"@id\":\"https:\\\/\\\/design.awards.verallia.fr\\\/fr\\\/#\\\/schema\\\/logo\\\/image\\\/\"}},{\"@type\":\"Person\",\"@id\":\"https:\\\/\\\/design.awards.verallia.fr\\\/fr\\\/#\\\/schema\\\/person\\\/f2837a1f0dbcbf6f3f04f1c092951b68\",\"name\":\"Homerick Belia\",\"image\":{\"@type\":\"ImageObject\",\"inLanguage\":\"fr-FR\",\"@id\":\"https:\\\/\\\/secure.gravatar.com\\\/avatar\\\/259be02b1a25d965da1e2b770c3b77f4ee9a948ecaa909ba3a49644602b04a80?s=96&d=mm&r=g\",\"url\":\"https:\\\/\\\/secure.gravatar.com\\\/avatar\\\/259be02b1a25d965da1e2b770c3b77f4ee9a948ecaa909ba3a49644602b04a80?s=96&d=mm&r=g\",\"contentUrl\":\"https:\\\/\\\/secure.gravatar.com\\\/avatar\\\/259be02b1a25d965da1e2b770c3b77f4ee9a948ecaa909ba3a49644602b04a80?s=96&d=mm&r=g\",\"caption\":\"Homerick Belia\"},\"url\":\"https:\\\/\\\/design.awards.verallia.fr\"}]}<\/script>\n<!-- \/ Yoast SEO plugin. -->","yoast_head_json":{"title":"F\u00e9licitations aux laur\u00e9ats des Verallia Design Awards 2026 - Verallia Design Awards","description":"Les Verallia Design Awards 2026 ont r\u00e9compens\u00e9 les cr\u00e9ations les plus innovantes autour du th\u00e8me \u00ab Verre & Vertus \u00bb. D\u00e9couvrez les laur\u00e9ats","robots":{"index":"index","follow":"follow","max-snippet":"max-snippet:-1","max-image-preview":"max-image-preview:large","max-video-preview":"max-video-preview:-1"},"canonical":"https:\/\/design.awards.verallia.fr\/fr\/felicitations-aux-laureats-des-verallia-design-awards-2026\/","og_locale":"fr_FR","og_type":"article","og_title":"F\u00e9licitations aux laur\u00e9ats des Verallia Design Awards 2026 - Verallia Design Awards","og_description":"Les Verallia Design Awards 2026 ont r\u00e9compens\u00e9 les cr\u00e9ations les plus innovantes autour du th\u00e8me \u00ab Verre & Vertus \u00bb. D\u00e9couvrez les laur\u00e9ats","og_url":"https:\/\/design.awards.verallia.fr\/fr\/felicitations-aux-laureats-des-verallia-design-awards-2026\/","og_site_name":"Verallia Design Awards","article_published_time":"2026-08-31T09:22:27+00:00","article_modified_time":"2026-08-31T13:15:23+00:00","og_image":[{"width":2560,"height":1707,"url":"https:\/\/design.awards.verallia.fr\/wp-content\/uploads\/2026\/08\/verallia-design-award-laetitia-daboville-1687-scaled.jpg","type":"image\/jpeg"}],"author":"Homerick Belia","twitter_card":"summary_large_image","twitter_misc":{"\u00c9crit par":"Homerick Belia","Dur\u00e9e de lecture estim\u00e9e":"8 minutes"},"schema":{"@context":"https:\/\/schema.org","@graph":[{"@type":"Article","@id":"https:\/\/design.awards.verallia.fr\/fr\/felicitations-aux-laureats-des-verallia-design-awards-2026\/#article","isPartOf":{"@id":"https:\/\/design.awards.verallia.fr\/fr\/felicitations-aux-laureats-des-verallia-design-awards-2026\/"},"author":{"name":"Homerick Belia","@id":"https:\/\/design.awards.verallia.fr\/fr\/#\/schema\/person\/f2837a1f0dbcbf6f3f04f1c092951b68"},"headline":"F\u00e9licitations aux laur\u00e9ats des Verallia Design Awards 2026","datePublished":"2026-08-31T09:22:27+00:00","dateModified":"2026-08-31T13:15:23+00:00","mainEntityOfPage":{"@id":"https:\/\/design.awards.verallia.fr\/fr\/felicitations-aux-laureats-des-verallia-design-awards-2026\/"},"wordCount":1297,"publisher":{"@id":"https:\/\/design.awards.verallia.fr\/fr\/#organization"},"image":{"@id":"https:\/\/design.awards.verallia.fr\/fr\/felicitations-aux-laureats-des-verallia-design-awards-2026\/#primaryimage"},"thumbnailUrl":"https:\/\/design.awards.verallia.fr\/wp-content\/uploads\/2026\/08\/verallia-design-award-laetitia-daboville-1687-scaled.jpg","articleSection":["Verallia"],"inLanguage":"fr-FR"},{"@type":"WebPage","@id":"https:\/\/design.awards.verallia.fr\/fr\/felicitations-aux-laureats-des-verallia-design-awards-2026\/","url":"https:\/\/design.awards.verallia.fr\/fr\/felicitations-aux-laureats-des-verallia-design-awards-2026\/","name":"F\u00e9licitations aux laur\u00e9ats des Verallia Design Awards 2026 - Verallia Design Awards","isPartOf":{"@id":"https:\/\/design.awards.verallia.fr\/fr\/#website"},"primaryImageOfPage":{"@id":"https:\/\/design.awards.verallia.fr\/fr\/felicitations-aux-laureats-des-verallia-design-awards-2026\/#primaryimage"},"image":{"@id":"https:\/\/design.awards.verallia.fr\/fr\/felicitations-aux-laureats-des-verallia-design-awards-2026\/#primaryimage"},"thumbnailUrl":"https:\/\/design.awards.verallia.fr\/wp-content\/uploads\/2026\/08\/verallia-design-award-laetitia-daboville-1687-scaled.jpg","datePublished":"2026-08-31T09:22:27+00:00","dateModified":"2026-08-31T13:15:23+00:00","description":"Les Verallia Design Awards 2026 ont r\u00e9compens\u00e9 les cr\u00e9ations les plus innovantes autour du th\u00e8me \u00ab Verre & Vertus \u00bb. D\u00e9couvrez les laur\u00e9ats","breadcrumb":{"@id":"https:\/\/design.awards.verallia.fr\/fr\/felicitations-aux-laureats-des-verallia-design-awards-2026\/#breadcrumb"},"inLanguage":"fr-FR","potentialAction":[{"@type":"ReadAction","target":["https:\/\/design.awards.verallia.fr\/fr\/felicitations-aux-laureats-des-verallia-design-awards-2026\/"]}]},{"@type":"ImageObject","inLanguage":"fr-FR","@id":"https:\/\/design.awards.verallia.fr\/fr\/felicitations-aux-laureats-des-verallia-design-awards-2026\/#primaryimage","url":"https:\/\/design.awards.verallia.fr\/wp-content\/uploads\/2026\/08\/verallia-design-award-laetitia-daboville-1687-scaled.jpg","contentUrl":"https:\/\/design.awards.verallia.fr\/wp-content\/uploads\/2026\/08\/verallia-design-award-laetitia-daboville-1687-scaled.jpg","width":2560,"height":1707,"caption":"Verallia Design Award, 17eme \u00e9dition, Tour Carpe Diem, 2026, \u00a9 Laetitia d'Aboville"},{"@type":"BreadcrumbList","@id":"https:\/\/design.awards.verallia.fr\/fr\/felicitations-aux-laureats-des-verallia-design-awards-2026\/#breadcrumb","itemListElement":[{"@type":"ListItem","position":1,"name":"Accueil","item":"https:\/\/design.awards.verallia.fr\/fr\/"},{"@type":"ListItem","position":2,"name":"F\u00e9licitations aux laur\u00e9ats des Verallia Design Awards 2026"}]},{"@type":"WebSite","@id":"https:\/\/design.awards.verallia.fr\/fr\/#website","url":"https:\/\/design.awards.verallia.fr\/fr\/","name":"Verallia Design Awards","description":"Verallia Design Award, le concours de design du packaging en verre","publisher":{"@id":"https:\/\/design.awards.verallia.fr\/fr\/#organization"},"potentialAction":[{"@type":"SearchAction","target":{"@type":"EntryPoint","urlTemplate":"https:\/\/design.awards.verallia.fr\/fr\/?s={search_term_string}"},"query-input":{"@type":"PropertyValueSpecification","valueRequired":true,"valueName":"search_term_string"}}],"inLanguage":"fr-FR"},{"@type":"Organization","@id":"https:\/\/design.awards.verallia.fr\/fr\/#organization","name":"Verallia Design Awards","url":"https:\/\/design.awards.verallia.fr\/fr\/","logo":{"@type":"ImageObject","inLanguage":"fr-FR","@id":"https:\/\/design.awards.verallia.fr\/fr\/#\/schema\/logo\/image\/","url":"https:\/\/design.awards.verallia.fr\/wp-content\/uploads\/2023\/05\/logo-small.png","contentUrl":"https:\/\/design.awards.verallia.fr\/wp-content\/uploads\/2023\/05\/logo-small.png","width":198,"height":117,"caption":"Verallia Design Awards"},"image":{"@id":"https:\/\/design.awards.verallia.fr\/fr\/#\/schema\/logo\/image\/"}},{"@type":"Person","@id":"https:\/\/design.awards.verallia.fr\/fr\/#\/schema\/person\/f2837a1f0dbcbf6f3f04f1c092951b68","name":"Homerick Belia","image":{"@type":"ImageObject","inLanguage":"fr-FR","@id":"https:\/\/secure.gravatar.com\/avatar\/259be02b1a25d965da1e2b770c3b77f4ee9a948ecaa909ba3a49644602b04a80?s=96&d=mm&r=g","url":"https:\/\/secure.gravatar.com\/avatar\/259be02b1a25d965da1e2b770c3b77f4ee9a948ecaa909ba3a49644602b04a80?s=96&d=mm&r=g","contentUrl":"https:\/\/secure.gravatar.com\/avatar\/259be02b1a25d965da1e2b770c3b77f4ee9a948ecaa909ba3a49644602b04a80?s=96&d=mm&r=g","caption":"Homerick Belia"},"url":"https:\/\/design.awards.verallia.fr"}]}},"_links":{"self":[{"href":"https:\/\/design.awards.verallia.fr\/fr\/wp-json\/wp\/v2\/posts\/105522","targetHints":{"allow":["GET"]}}],"collection":[{"href":"https:\/\/design.awards.verallia.fr\/fr\/wp-json\/wp\/v2\/posts"}],"about":[{"href":"https:\/\/design.awards.verallia.fr\/fr\/wp-json\/wp\/v2\/types\/post"}],"author":[{"embeddable":true,"href":"https:\/\/design.awards.verallia.fr\/fr\/wp-json\/wp\/v2\/users\/55773"}],"replies":[{"embeddable":true,"href":"https:\/\/design.awards.verallia.fr\/fr\/wp-json\/wp\/v2\/comments?post=105522"}],"version-history":[{"count":5,"href":"https:\/\/design.awards.verallia.fr\/fr\/wp-json\/wp\/v2\/posts\/105522\/revisions"}],"predecessor-version":[{"id":105745,"href":"https:\/\/design.awards.verallia.fr\/fr\/wp-json\/wp\/v2\/posts\/105522\/revisions\/105745"}],"wp:featuredmedia":[{"embeddable":true,"href":"https:\/\/design.awards.verallia.fr\/fr\/wp-json\/wp\/v2\/media\/105545"}],"wp:attachment":[{"href":"https:\/\/design.awards.verallia.fr\/fr\/wp-json\/wp\/v2\/media?parent=105522"}],"wp:term":[{"taxonomy":"category","embeddable":true,"href":"https:\/\/design.awards.verallia.fr\/fr\/wp-json\/wp\/v2\/categories?post=105522"},{"taxonomy":"post_tag","embeddable":true,"href":"https:\/\/design.awards.verallia.fr\/fr\/wp-json\/wp\/v2\/tags?post=105522"}],"curies":[{"name":"wp","href":"https:\/\/api.w.org\/{rel}","templated":true}]}}