{"id":105597,"date":"2026-09-01T16:53:33","date_gmt":"2026-09-01T14:53:33","guid":{"rendered":"https:\/\/design.awards.verallia.fr\/?p=105597"},"modified":"2026-09-01T16:59:19","modified_gmt":"2026-09-01T14:59:19","slug":"nouveau-prix-remy-cointreau-verallia-design-awards","status":"publish","type":"post","link":"https:\/\/design.awards.verallia.fr\/fr\/nouveau-prix-remy-cointreau-verallia-design-awards\/","title":{"rendered":"Verallia Design Awards : un Prix sp\u00e9cial R\u00e9my Cointreau pour cette 17e \u00e9dition"},"content":{"rendered":"\t\t<div data-elementor-type=\"wp-post\" data-elementor-id=\"105597\" class=\"elementor elementor-105597\" data-elementor-post-type=\"post\">\n\t\t\t\t<div class=\"elementor-element elementor-element-54c6c7f2 e-flex e-con-boxed e-con e-parent\" data-id=\"54c6c7f2\" data-element_type=\"container\" data-e-type=\"container\">\n\t\t\t\t\t<div class=\"e-con-inner\">\n\t\t\t\t<div class=\"elementor-element elementor-element-4824c420 elementor-widget elementor-widget-text-editor\" data-id=\"4824c420\" data-element_type=\"widget\" data-e-type=\"widget\" data-widget_type=\"text-editor.default\">\n\t\t\t\t<div class=\"elementor-widget-container\">\n\t\t\t\t\t\t\t\t\t<h1><strong>Une \u00e9dition sp\u00e9ciale !<\/strong><\/h1>\t\t\t\t\t\t\t\t<\/div>\n\t\t\t\t<\/div>\n\t\t\t\t<div class=\"elementor-element elementor-element-34ded35 elementor-widget elementor-widget-spacer\" data-id=\"34ded35\" data-element_type=\"widget\" data-e-type=\"widget\" data-widget_type=\"spacer.default\">\n\t\t\t\t<div class=\"elementor-widget-container\">\n\t\t\t\t\t\t\t<div class=\"elementor-spacer\">\n\t\t\t<div class=\"elementor-spacer-inner\"><\/div>\n\t\t<\/div>\n\t\t\t\t\t\t<\/div>\n\t\t\t\t<\/div>\n\t\t\t\t\t<\/div>\n\t\t\t\t<\/div>\n\t\t<div class=\"elementor-element elementor-element-b88f8ca e-con-full e-flex e-con e-parent\" data-id=\"b88f8ca\" data-element_type=\"container\" data-e-type=\"container\">\n\t\t<div class=\"elementor-element elementor-element-b7886c9 e-con-full e-flex e-con e-child\" data-id=\"b7886c9\" data-element_type=\"container\" data-e-type=\"container\">\n\t\t\t\t<div class=\"elementor-element elementor-element-51989d1 elementor-widget elementor-widget-text-editor\" data-id=\"51989d1\" data-element_type=\"widget\" data-e-type=\"widget\" data-widget_type=\"text-editor.default\">\n\t\t\t\t<div class=\"elementor-widget-container\">\n\t\t\t\t\t\t\t\t\t<p style=\"margin-bottom: 0cm;\">Cette 17\u00e8me \u00e9dition marque une \u00e9tape importante dans l\u2019histoire des Verallia Design Awards avec pour la premi\u00e8re fois, la cr\u00e9ation d\u2019<strong>un prix sp\u00e9cial d\u00e9velopp\u00e9 en partenariat avec un client<\/strong>. R\u00e9alis\u00e9 avec<strong> le groupe R\u00e9my Cointreau<\/strong>, ce nouveau d\u00e9fi a permis aux \u00e9tudiants de travailler \u00e0 partir d\u2019un brief concret, en lien direct avec les attentes et les enjeux du march\u00e9.<\/p>\n<div>\n<p>Le laur\u00e9at du prix sp\u00e9cial R\u00e9my Cointreau a \u00e9t\u00e9 attribu\u00e9 \u00e0 <strong>Andy Marie-Joseph<\/strong> (<a href=\"https:\/\/lecolededesign.com\/fr?gad_source=1&amp;gad_campaignid=24158932721&amp;gclid=EAIaIQobChMIyoSm6cDKlgMV92hBAh25tTLsEAAYASAAEgLO7vD_BwE\">\u00c9cole de Design Nantes Atlantique<\/a>) lors d\u2019une c\u00e9r\u00e9monie organis\u00e9e dans les locaux angevins du groupe. Son projet, <em>Flow<\/em>, revisite les codes traditionnels des spiritueux \u00e0 travers une approche \u00e9pur\u00e9e et contemporaine. En misant sur des formes sobres et un langage visuel moderne, il propose une interpr\u00e9tation qui r\u00e9pond aux attentes des nouvelles g\u00e9n\u00e9rations tout en pr\u00e9servant l\u2019ADN de la marque.<\/p>\n<div>\n<p>Pour c\u00e9l\u00e9brer cette premi\u00e8re collaboration, <strong>un troph\u00e9e exclusif<\/strong> a \u00e9galement \u00e9t\u00e9 imagin\u00e9. Il fait dialoguer<strong> l\u2019univers visuel de Verallia avec celui de la Maison Cointreau<\/strong>, premi\u00e8re marque du groupe R\u00e9my Cointreau \u00e0 avoir collabor\u00e9 avec Verallia (depuis 1943) symbolisant le lien entre deux acteurs \u00e0 la longue histoire commune. Au-del\u00e0 de la comp\u00e9tition, cette initiative t\u00e9moigne de l\u2019ambition de Verallia de renforcer les passerelles entre les \u00e9coles, les marques et les futurs professionnels du design. Une mani\u00e8re de permettre aux jeunes talents de mettre leur cr\u00e9ativit\u00e9 \u00e0 l\u2019\u00e9preuve de projets concrets et de se pr\u00e9parer aux d\u00e9fis de leur m\u00e9tier.<\/p>\n<\/div>\n<\/div>\t\t\t\t\t\t\t\t<\/div>\n\t\t\t\t<\/div>\n\t\t\t\t<div class=\"elementor-element elementor-element-092667d elementor-widget elementor-widget-spacer\" data-id=\"092667d\" data-element_type=\"widget\" data-e-type=\"widget\" data-widget_type=\"spacer.default\">\n\t\t\t\t<div class=\"elementor-widget-container\">\n\t\t\t\t\t\t\t<div class=\"elementor-spacer\">\n\t\t\t<div class=\"elementor-spacer-inner\"><\/div>\n\t\t<\/div>\n\t\t\t\t\t\t<\/div>\n\t\t\t\t<\/div>\n\t\t\t\t<\/div>\n\t\t\t\t<\/div>\n\t\t<div class=\"elementor-element elementor-element-f7395b7 e-flex e-con-boxed e-con e-parent\" data-id=\"f7395b7\" data-element_type=\"container\" data-e-type=\"container\">\n\t\t\t\t\t<div class=\"e-con-inner\">\n\t\t<div class=\"elementor-element elementor-element-e082c45 e-grid e-con-full e-con e-child\" data-id=\"e082c45\" data-element_type=\"container\" data-e-type=\"container\">\n\t\t\t\t<div class=\"elementor-element elementor-element-c15021f elementor-widget elementor-widget-image\" data-id=\"c15021f\" data-element_type=\"widget\" data-e-type=\"widget\" data-widget_type=\"image.default\">\n\t\t\t\t<div class=\"elementor-widget-container\">\n\t\t\t\t\t\t\t\t\t\t\t\t\t\t\t<img fetchpriority=\"high\" decoding=\"async\" width=\"768\" height=\"968\" src=\"https:\/\/design.awards.verallia.fr\/wp-content\/uploads\/2026\/08\/img-andy-x-remi-cabon-remise-du-prix-rc-e1788270933414-768x968.jpg\" class=\"attachment-medium_large size-medium_large wp-image-105777\" alt=\"Andy x R\u00e9mi Cabon - remise du prix RC\" srcset=\"https:\/\/design.awards.verallia.fr\/wp-content\/uploads\/2026\/08\/img-andy-x-remi-cabon-remise-du-prix-rc-e1788270933414-768x968.jpg 768w, https:\/\/design.awards.verallia.fr\/wp-content\/uploads\/2026\/08\/img-andy-x-remi-cabon-remise-du-prix-rc-e1788270933414-238x300.jpg 238w, https:\/\/design.awards.verallia.fr\/wp-content\/uploads\/2026\/08\/img-andy-x-remi-cabon-remise-du-prix-rc-e1788270933414-812x1024.jpg 812w, https:\/\/design.awards.verallia.fr\/wp-content\/uploads\/2026\/08\/img-andy-x-remi-cabon-remise-du-prix-rc-e1788270933414.jpg 1104w\" sizes=\"(max-width: 768px) 100vw, 768px\" \/>\t\t\t\t\t\t\t\t\t\t\t\t\t\t\t<\/div>\n\t\t\t\t<\/div>\n\t\t\t\t<div class=\"elementor-element elementor-element-98e3af0 elementor-widget elementor-widget-image\" data-id=\"98e3af0\" data-element_type=\"widget\" data-e-type=\"widget\" data-widget_type=\"image.default\">\n\t\t\t\t<div class=\"elementor-widget-container\">\n\t\t\t\t\t\t\t\t\t\t\t\t\t\t\t<img decoding=\"async\" width=\"768\" height=\"969\" src=\"https:\/\/design.awards.verallia.fr\/wp-content\/uploads\/2026\/08\/verallia-design-award-laetitia-daboville-0043-1-scaled-e1788274496459-768x969.jpg\" class=\"attachment-medium_large size-medium_large wp-image-105782\" alt=\"Andy\" srcset=\"https:\/\/design.awards.verallia.fr\/wp-content\/uploads\/2026\/08\/verallia-design-award-laetitia-daboville-0043-1-scaled-e1788274496459-768x969.jpg 768w, https:\/\/design.awards.verallia.fr\/wp-content\/uploads\/2026\/08\/verallia-design-award-laetitia-daboville-0043-1-scaled-e1788274496459-238x300.jpg 238w, https:\/\/design.awards.verallia.fr\/wp-content\/uploads\/2026\/08\/verallia-design-award-laetitia-daboville-0043-1-scaled-e1788274496459-811x1024.jpg 811w, https:\/\/design.awards.verallia.fr\/wp-content\/uploads\/2026\/08\/verallia-design-award-laetitia-daboville-0043-1-scaled-e1788274496459-1217x1536.jpg 1217w, https:\/\/design.awards.verallia.fr\/wp-content\/uploads\/2026\/08\/verallia-design-award-laetitia-daboville-0043-1-scaled-e1788274496459.jpg 1580w\" sizes=\"(max-width: 768px) 100vw, 768px\" \/>\t\t\t\t\t\t\t\t\t\t\t\t\t\t\t<\/div>\n\t\t\t\t<\/div>\n\t\t\t\t<\/div>\n\t\t\t\t\t<\/div>\n\t\t\t\t<\/div>\n\t\t\t\t<\/div>\n\t\t","protected":false},"excerpt":{"rendered":"<p>Une \u00e9dition sp\u00e9ciale ! Cette 17\u00e8me \u00e9dition marque une \u00e9tape importante dans l\u2019histoire des Verallia Design Awards avec pour la premi\u00e8re fois, la cr\u00e9ation d\u2019un prix sp\u00e9cial d\u00e9velopp\u00e9 en partenariat avec un client. R\u00e9alis\u00e9 avec le groupe R\u00e9my Cointreau, ce nouveau d\u00e9fi a permis aux \u00e9tudiants de travailler \u00e0 partir d\u2019un brief concret, en lien [&hellip;]<\/p>\n","protected":false},"author":55773,"featured_media":105914,"comment_status":"closed","ping_status":"closed","sticky":false,"template":"","format":"standard","meta":{"_acf_changed":false,"footnotes":""},"categories":[23],"tags":[],"class_list":["post-105597","post","type-post","status-publish","format-standard","has-post-thumbnail","hentry","category-verallia"],"acf":[],"yoast_head":"<!-- This site is optimized with the Yoast SEO plugin v27.3 - https:\/\/yoast.com\/product\/yoast-seo-wordpress\/ -->\n<title>Verallia Design Awards : un Prix sp\u00e9cial R\u00e9my Cointreau pour cette 17e \u00e9dition - Verallia Design Awards<\/title>\n<meta name=\"robots\" content=\"index, follow, max-snippet:-1, max-image-preview:large, max-video-preview:-1\" \/>\n<link rel=\"canonical\" href=\"https:\/\/design.awards.verallia.fr\/fr\/nouveau-prix-remy-cointreau-verallia-design-awards\/\" \/>\n<meta property=\"og:locale\" content=\"fr_FR\" \/>\n<meta property=\"og:type\" content=\"article\" \/>\n<meta property=\"og:title\" content=\"Verallia Design Awards : un Prix sp\u00e9cial R\u00e9my Cointreau pour cette 17e \u00e9dition - Verallia Design Awards\" \/>\n<meta property=\"og:description\" content=\"Une \u00e9dition sp\u00e9ciale ! Cette 17\u00e8me \u00e9dition marque une \u00e9tape importante dans l\u2019histoire des Verallia Design Awards avec pour la premi\u00e8re fois, la cr\u00e9ation d\u2019un prix sp\u00e9cial d\u00e9velopp\u00e9 en partenariat avec un client. R\u00e9alis\u00e9 avec le groupe R\u00e9my Cointreau, ce nouveau d\u00e9fi a permis aux \u00e9tudiants de travailler \u00e0 partir d\u2019un brief concret, en lien [&hellip;]\" \/>\n<meta property=\"og:url\" content=\"https:\/\/design.awards.verallia.fr\/fr\/nouveau-prix-remy-cointreau-verallia-design-awards\/\" \/>\n<meta property=\"og:site_name\" content=\"Verallia Design Awards\" \/>\n<meta property=\"article:published_time\" content=\"2026-09-01T14:53:33+00:00\" \/>\n<meta property=\"article:modified_time\" content=\"2026-09-01T14:59:19+00:00\" \/>\n<meta property=\"og:image\" content=\"https:\/\/design.awards.verallia.fr\/wp-content\/uploads\/2026\/09\/image-5-1.jpg\" \/>\n\t<meta property=\"og:image:width\" content=\"1024\" \/>\n\t<meta property=\"og:image:height\" content=\"768\" \/>\n\t<meta property=\"og:image:type\" content=\"image\/jpeg\" \/>\n<meta name=\"author\" content=\"Homerick Belia\" \/>\n<meta name=\"twitter:card\" content=\"summary_large_image\" \/>\n<meta name=\"twitter:label1\" content=\"\u00c9crit par\" \/>\n\t<meta name=\"twitter:data1\" content=\"Homerick Belia\" \/>\n\t<meta name=\"twitter:label2\" content=\"Dur\u00e9e de lecture estim\u00e9e\" \/>\n\t<meta name=\"twitter:data2\" content=\"2 minutes\" \/>\n<script type=\"application\/ld+json\" class=\"yoast-schema-graph\">{\"@context\":\"https:\\\/\\\/schema.org\",\"@graph\":[{\"@type\":\"Article\",\"@id\":\"https:\\\/\\\/design.awards.verallia.fr\\\/fr\\\/nouveau-prix-remy-cointreau-verallia-design-awards\\\/#article\",\"isPartOf\":{\"@id\":\"https:\\\/\\\/design.awards.verallia.fr\\\/fr\\\/nouveau-prix-remy-cointreau-verallia-design-awards\\\/\"},\"author\":{\"name\":\"Homerick Belia\",\"@id\":\"https:\\\/\\\/design.awards.verallia.fr\\\/fr\\\/#\\\/schema\\\/person\\\/f2837a1f0dbcbf6f3f04f1c092951b68\"},\"headline\":\"Verallia Design Awards : un Prix sp\u00e9cial R\u00e9my Cointreau pour cette 17e \u00e9dition\",\"datePublished\":\"2026-09-01T14:53:33+00:00\",\"dateModified\":\"2026-09-01T14:59:19+00:00\",\"mainEntityOfPage\":{\"@id\":\"https:\\\/\\\/design.awards.verallia.fr\\\/fr\\\/nouveau-prix-remy-cointreau-verallia-design-awards\\\/\"},\"wordCount\":284,\"publisher\":{\"@id\":\"https:\\\/\\\/design.awards.verallia.fr\\\/fr\\\/#organization\"},\"image\":{\"@id\":\"https:\\\/\\\/design.awards.verallia.fr\\\/fr\\\/nouveau-prix-remy-cointreau-verallia-design-awards\\\/#primaryimage\"},\"thumbnailUrl\":\"https:\\\/\\\/design.awards.verallia.fr\\\/wp-content\\\/uploads\\\/2026\\\/09\\\/image-5-1.jpg\",\"articleSection\":[\"Verallia\"],\"inLanguage\":\"fr-FR\"},{\"@type\":\"WebPage\",\"@id\":\"https:\\\/\\\/design.awards.verallia.fr\\\/fr\\\/nouveau-prix-remy-cointreau-verallia-design-awards\\\/\",\"url\":\"https:\\\/\\\/design.awards.verallia.fr\\\/fr\\\/nouveau-prix-remy-cointreau-verallia-design-awards\\\/\",\"name\":\"Verallia Design Awards : un Prix sp\u00e9cial R\u00e9my Cointreau pour cette 17e \u00e9dition - Verallia Design Awards\",\"isPartOf\":{\"@id\":\"https:\\\/\\\/design.awards.verallia.fr\\\/fr\\\/#website\"},\"primaryImageOfPage\":{\"@id\":\"https:\\\/\\\/design.awards.verallia.fr\\\/fr\\\/nouveau-prix-remy-cointreau-verallia-design-awards\\\/#primaryimage\"},\"image\":{\"@id\":\"https:\\\/\\\/design.awards.verallia.fr\\\/fr\\\/nouveau-prix-remy-cointreau-verallia-design-awards\\\/#primaryimage\"},\"thumbnailUrl\":\"https:\\\/\\\/design.awards.verallia.fr\\\/wp-content\\\/uploads\\\/2026\\\/09\\\/image-5-1.jpg\",\"datePublished\":\"2026-09-01T14:53:33+00:00\",\"dateModified\":\"2026-09-01T14:59:19+00:00\",\"breadcrumb\":{\"@id\":\"https:\\\/\\\/design.awards.verallia.fr\\\/fr\\\/nouveau-prix-remy-cointreau-verallia-design-awards\\\/#breadcrumb\"},\"inLanguage\":\"fr-FR\",\"potentialAction\":[{\"@type\":\"ReadAction\",\"target\":[\"https:\\\/\\\/design.awards.verallia.fr\\\/fr\\\/nouveau-prix-remy-cointreau-verallia-design-awards\\\/\"]}]},{\"@type\":\"ImageObject\",\"inLanguage\":\"fr-FR\",\"@id\":\"https:\\\/\\\/design.awards.verallia.fr\\\/fr\\\/nouveau-prix-remy-cointreau-verallia-design-awards\\\/#primaryimage\",\"url\":\"https:\\\/\\\/design.awards.verallia.fr\\\/wp-content\\\/uploads\\\/2026\\\/09\\\/image-5-1.jpg\",\"contentUrl\":\"https:\\\/\\\/design.awards.verallia.fr\\\/wp-content\\\/uploads\\\/2026\\\/09\\\/image-5-1.jpg\",\"width\":1024,\"height\":768,\"caption\":\"Remise du prix RC\"},{\"@type\":\"BreadcrumbList\",\"@id\":\"https:\\\/\\\/design.awards.verallia.fr\\\/fr\\\/nouveau-prix-remy-cointreau-verallia-design-awards\\\/#breadcrumb\",\"itemListElement\":[{\"@type\":\"ListItem\",\"position\":1,\"name\":\"Accueil\",\"item\":\"https:\\\/\\\/design.awards.verallia.fr\\\/fr\\\/\"},{\"@type\":\"ListItem\",\"position\":2,\"name\":\"Verallia Design Awards : un Prix sp\u00e9cial R\u00e9my Cointreau pour cette 17e \u00e9dition\"}]},{\"@type\":\"WebSite\",\"@id\":\"https:\\\/\\\/design.awards.verallia.fr\\\/fr\\\/#website\",\"url\":\"https:\\\/\\\/design.awards.verallia.fr\\\/fr\\\/\",\"name\":\"Verallia Design Awards\",\"description\":\"Verallia Design Award, le concours de design du packaging en verre\",\"publisher\":{\"@id\":\"https:\\\/\\\/design.awards.verallia.fr\\\/fr\\\/#organization\"},\"potentialAction\":[{\"@type\":\"SearchAction\",\"target\":{\"@type\":\"EntryPoint\",\"urlTemplate\":\"https:\\\/\\\/design.awards.verallia.fr\\\/fr\\\/?s={search_term_string}\"},\"query-input\":{\"@type\":\"PropertyValueSpecification\",\"valueRequired\":true,\"valueName\":\"search_term_string\"}}],\"inLanguage\":\"fr-FR\"},{\"@type\":\"Organization\",\"@id\":\"https:\\\/\\\/design.awards.verallia.fr\\\/fr\\\/#organization\",\"name\":\"Verallia Design Awards\",\"url\":\"https:\\\/\\\/design.awards.verallia.fr\\\/fr\\\/\",\"logo\":{\"@type\":\"ImageObject\",\"inLanguage\":\"fr-FR\",\"@id\":\"https:\\\/\\\/design.awards.verallia.fr\\\/fr\\\/#\\\/schema\\\/logo\\\/image\\\/\",\"url\":\"https:\\\/\\\/design.awards.verallia.fr\\\/wp-content\\\/uploads\\\/2023\\\/05\\\/logo-small.png\",\"contentUrl\":\"https:\\\/\\\/design.awards.verallia.fr\\\/wp-content\\\/uploads\\\/2023\\\/05\\\/logo-small.png\",\"width\":198,\"height\":117,\"caption\":\"Verallia Design Awards\"},\"image\":{\"@id\":\"https:\\\/\\\/design.awards.verallia.fr\\\/fr\\\/#\\\/schema\\\/logo\\\/image\\\/\"}},{\"@type\":\"Person\",\"@id\":\"https:\\\/\\\/design.awards.verallia.fr\\\/fr\\\/#\\\/schema\\\/person\\\/f2837a1f0dbcbf6f3f04f1c092951b68\",\"name\":\"Homerick Belia\",\"image\":{\"@type\":\"ImageObject\",\"inLanguage\":\"fr-FR\",\"@id\":\"https:\\\/\\\/secure.gravatar.com\\\/avatar\\\/259be02b1a25d965da1e2b770c3b77f4ee9a948ecaa909ba3a49644602b04a80?s=96&d=mm&r=g\",\"url\":\"https:\\\/\\\/secure.gravatar.com\\\/avatar\\\/259be02b1a25d965da1e2b770c3b77f4ee9a948ecaa909ba3a49644602b04a80?s=96&d=mm&r=g\",\"contentUrl\":\"https:\\\/\\\/secure.gravatar.com\\\/avatar\\\/259be02b1a25d965da1e2b770c3b77f4ee9a948ecaa909ba3a49644602b04a80?s=96&d=mm&r=g\",\"caption\":\"Homerick Belia\"},\"url\":\"https:\\\/\\\/design.awards.verallia.fr\"}]}<\/script>\n<!-- \/ Yoast SEO plugin. -->","yoast_head_json":{"title":"Verallia Design Awards : un Prix sp\u00e9cial R\u00e9my Cointreau pour cette 17e \u00e9dition - Verallia Design Awards","robots":{"index":"index","follow":"follow","max-snippet":"max-snippet:-1","max-image-preview":"max-image-preview:large","max-video-preview":"max-video-preview:-1"},"canonical":"https:\/\/design.awards.verallia.fr\/fr\/nouveau-prix-remy-cointreau-verallia-design-awards\/","og_locale":"fr_FR","og_type":"article","og_title":"Verallia Design Awards : un Prix sp\u00e9cial R\u00e9my Cointreau pour cette 17e \u00e9dition - Verallia Design Awards","og_description":"Une \u00e9dition sp\u00e9ciale ! Cette 17\u00e8me \u00e9dition marque une \u00e9tape importante dans l\u2019histoire des Verallia Design Awards avec pour la premi\u00e8re fois, la cr\u00e9ation d\u2019un prix sp\u00e9cial d\u00e9velopp\u00e9 en partenariat avec un client. R\u00e9alis\u00e9 avec le groupe R\u00e9my Cointreau, ce nouveau d\u00e9fi a permis aux \u00e9tudiants de travailler \u00e0 partir d\u2019un brief concret, en lien [&hellip;]","og_url":"https:\/\/design.awards.verallia.fr\/fr\/nouveau-prix-remy-cointreau-verallia-design-awards\/","og_site_name":"Verallia Design Awards","article_published_time":"2026-09-01T14:53:33+00:00","article_modified_time":"2026-09-01T14:59:19+00:00","og_image":[{"width":1024,"height":768,"url":"https:\/\/design.awards.verallia.fr\/wp-content\/uploads\/2026\/09\/image-5-1.jpg","type":"image\/jpeg"}],"author":"Homerick Belia","twitter_card":"summary_large_image","twitter_misc":{"\u00c9crit par":"Homerick Belia","Dur\u00e9e de lecture estim\u00e9e":"2 minutes"},"schema":{"@context":"https:\/\/schema.org","@graph":[{"@type":"Article","@id":"https:\/\/design.awards.verallia.fr\/fr\/nouveau-prix-remy-cointreau-verallia-design-awards\/#article","isPartOf":{"@id":"https:\/\/design.awards.verallia.fr\/fr\/nouveau-prix-remy-cointreau-verallia-design-awards\/"},"author":{"name":"Homerick Belia","@id":"https:\/\/design.awards.verallia.fr\/fr\/#\/schema\/person\/f2837a1f0dbcbf6f3f04f1c092951b68"},"headline":"Verallia Design Awards : un Prix sp\u00e9cial R\u00e9my Cointreau pour cette 17e \u00e9dition","datePublished":"2026-09-01T14:53:33+00:00","dateModified":"2026-09-01T14:59:19+00:00","mainEntityOfPage":{"@id":"https:\/\/design.awards.verallia.fr\/fr\/nouveau-prix-remy-cointreau-verallia-design-awards\/"},"wordCount":284,"publisher":{"@id":"https:\/\/design.awards.verallia.fr\/fr\/#organization"},"image":{"@id":"https:\/\/design.awards.verallia.fr\/fr\/nouveau-prix-remy-cointreau-verallia-design-awards\/#primaryimage"},"thumbnailUrl":"https:\/\/design.awards.verallia.fr\/wp-content\/uploads\/2026\/09\/image-5-1.jpg","articleSection":["Verallia"],"inLanguage":"fr-FR"},{"@type":"WebPage","@id":"https:\/\/design.awards.verallia.fr\/fr\/nouveau-prix-remy-cointreau-verallia-design-awards\/","url":"https:\/\/design.awards.verallia.fr\/fr\/nouveau-prix-remy-cointreau-verallia-design-awards\/","name":"Verallia Design Awards : un Prix sp\u00e9cial R\u00e9my Cointreau pour cette 17e \u00e9dition - Verallia Design Awards","isPartOf":{"@id":"https:\/\/design.awards.verallia.fr\/fr\/#website"},"primaryImageOfPage":{"@id":"https:\/\/design.awards.verallia.fr\/fr\/nouveau-prix-remy-cointreau-verallia-design-awards\/#primaryimage"},"image":{"@id":"https:\/\/design.awards.verallia.fr\/fr\/nouveau-prix-remy-cointreau-verallia-design-awards\/#primaryimage"},"thumbnailUrl":"https:\/\/design.awards.verallia.fr\/wp-content\/uploads\/2026\/09\/image-5-1.jpg","datePublished":"2026-09-01T14:53:33+00:00","dateModified":"2026-09-01T14:59:19+00:00","breadcrumb":{"@id":"https:\/\/design.awards.verallia.fr\/fr\/nouveau-prix-remy-cointreau-verallia-design-awards\/#breadcrumb"},"inLanguage":"fr-FR","potentialAction":[{"@type":"ReadAction","target":["https:\/\/design.awards.verallia.fr\/fr\/nouveau-prix-remy-cointreau-verallia-design-awards\/"]}]},{"@type":"ImageObject","inLanguage":"fr-FR","@id":"https:\/\/design.awards.verallia.fr\/fr\/nouveau-prix-remy-cointreau-verallia-design-awards\/#primaryimage","url":"https:\/\/design.awards.verallia.fr\/wp-content\/uploads\/2026\/09\/image-5-1.jpg","contentUrl":"https:\/\/design.awards.verallia.fr\/wp-content\/uploads\/2026\/09\/image-5-1.jpg","width":1024,"height":768,"caption":"Remise du prix RC"},{"@type":"BreadcrumbList","@id":"https:\/\/design.awards.verallia.fr\/fr\/nouveau-prix-remy-cointreau-verallia-design-awards\/#breadcrumb","itemListElement":[{"@type":"ListItem","position":1,"name":"Accueil","item":"https:\/\/design.awards.verallia.fr\/fr\/"},{"@type":"ListItem","position":2,"name":"Verallia Design Awards : un Prix sp\u00e9cial R\u00e9my Cointreau pour cette 17e \u00e9dition"}]},{"@type":"WebSite","@id":"https:\/\/design.awards.verallia.fr\/fr\/#website","url":"https:\/\/design.awards.verallia.fr\/fr\/","name":"Verallia Design Awards","description":"Verallia Design Award, le concours de design du packaging en verre","publisher":{"@id":"https:\/\/design.awards.verallia.fr\/fr\/#organization"},"potentialAction":[{"@type":"SearchAction","target":{"@type":"EntryPoint","urlTemplate":"https:\/\/design.awards.verallia.fr\/fr\/?s={search_term_string}"},"query-input":{"@type":"PropertyValueSpecification","valueRequired":true,"valueName":"search_term_string"}}],"inLanguage":"fr-FR"},{"@type":"Organization","@id":"https:\/\/design.awards.verallia.fr\/fr\/#organization","name":"Verallia Design Awards","url":"https:\/\/design.awards.verallia.fr\/fr\/","logo":{"@type":"ImageObject","inLanguage":"fr-FR","@id":"https:\/\/design.awards.verallia.fr\/fr\/#\/schema\/logo\/image\/","url":"https:\/\/design.awards.verallia.fr\/wp-content\/uploads\/2023\/05\/logo-small.png","contentUrl":"https:\/\/design.awards.verallia.fr\/wp-content\/uploads\/2023\/05\/logo-small.png","width":198,"height":117,"caption":"Verallia Design Awards"},"image":{"@id":"https:\/\/design.awards.verallia.fr\/fr\/#\/schema\/logo\/image\/"}},{"@type":"Person","@id":"https:\/\/design.awards.verallia.fr\/fr\/#\/schema\/person\/f2837a1f0dbcbf6f3f04f1c092951b68","name":"Homerick Belia","image":{"@type":"ImageObject","inLanguage":"fr-FR","@id":"https:\/\/secure.gravatar.com\/avatar\/259be02b1a25d965da1e2b770c3b77f4ee9a948ecaa909ba3a49644602b04a80?s=96&d=mm&r=g","url":"https:\/\/secure.gravatar.com\/avatar\/259be02b1a25d965da1e2b770c3b77f4ee9a948ecaa909ba3a49644602b04a80?s=96&d=mm&r=g","contentUrl":"https:\/\/secure.gravatar.com\/avatar\/259be02b1a25d965da1e2b770c3b77f4ee9a948ecaa909ba3a49644602b04a80?s=96&d=mm&r=g","caption":"Homerick Belia"},"url":"https:\/\/design.awards.verallia.fr"}]}},"_links":{"self":[{"href":"https:\/\/design.awards.verallia.fr\/fr\/wp-json\/wp\/v2\/posts\/105597","targetHints":{"allow":["GET"]}}],"collection":[{"href":"https:\/\/design.awards.verallia.fr\/fr\/wp-json\/wp\/v2\/posts"}],"about":[{"href":"https:\/\/design.awards.verallia.fr\/fr\/wp-json\/wp\/v2\/types\/post"}],"author":[{"embeddable":true,"href":"https:\/\/design.awards.verallia.fr\/fr\/wp-json\/wp\/v2\/users\/55773"}],"replies":[{"embeddable":true,"href":"https:\/\/design.awards.verallia.fr\/fr\/wp-json\/wp\/v2\/comments?post=105597"}],"version-history":[{"count":5,"href":"https:\/\/design.awards.verallia.fr\/fr\/wp-json\/wp\/v2\/posts\/105597\/revisions"}],"predecessor-version":[{"id":105926,"href":"https:\/\/design.awards.verallia.fr\/fr\/wp-json\/wp\/v2\/posts\/105597\/revisions\/105926"}],"wp:featuredmedia":[{"embeddable":true,"href":"https:\/\/design.awards.verallia.fr\/fr\/wp-json\/wp\/v2\/media\/105914"}],"wp:attachment":[{"href":"https:\/\/design.awards.verallia.fr\/fr\/wp-json\/wp\/v2\/media?parent=105597"}],"wp:term":[{"taxonomy":"category","embeddable":true,"href":"https:\/\/design.awards.verallia.fr\/fr\/wp-json\/wp\/v2\/categories?post=105597"},{"taxonomy":"post_tag","embeddable":true,"href":"https:\/\/design.awards.verallia.fr\/fr\/wp-json\/wp\/v2\/tags?post=105597"}],"curies":[{"name":"wp","href":"https:\/\/api.w.org\/{rel}","templated":true}]}}