{"id":14908,"date":"2023-02-20T12:22:33","date_gmt":"2023-02-20T11:22:33","guid":{"rendered":"http:\/\/localhost\/daverallia_old\/?p=14908"},"modified":"2023-09-18T17:46:28","modified_gmt":"2023-09-18T15:46:28","slug":"pierre-charrie-parrain-des-verallia-design-awards-2023","status":"publish","type":"post","link":"https:\/\/design.awards.verallia.fr\/fr\/pierre-charrie-parrain-des-verallia-design-awards-2023\/","title":{"rendered":"Rencontrez Pierre Charri\u00e9"},"content":{"rendered":"\n<h1 class=\"wp-block-heading\"><strong>Venez d\u00e9couvrir Pierre Charri\u00e9, le parrain des Verallia Design Awards 2023<\/strong><\/h1>\n\n\n\n<p><a data-cke-saved-href=\"http:\/\/localhost\/daverallia_old\/fr\/decouvrez-le-parrain-de-cette-edition\/\" href=\"http:\/\/localhost\/daverallia_old\/fr\/decouvrez-le-parrain-de-cette-edition\/\" target=\"_blank\" rel=\"noopener noreferrer\">Parrain de la 14e \u00e9dition<\/a> des Verallia Design Awards, Pierre Charri\u00e9 nous a ouvert les portes de son <a href=\"http:\/\/www.pierrecharrie.com\/\">atelier<\/a> et nous a partag\u00e9 sa vision du design, du m\u00e9tier de designer, du mat\u00e9riau verre et du concours.<\/p>\n\n\n\n<p>D\u00e9couvrez tous ses conseils et son engagement :<\/p>\n\n\n\n<figure class=\"wp-block-embed is-type-video is-provider-youtube wp-block-embed-youtube wp-embed-aspect-16-9 wp-has-aspect-ratio\"><div class=\"wp-block-embed__wrapper\">\n<iframe title=\"Verallia Design Awards | France | 2022 | Parrain de l\u2019\u00e9dition Pierre Charri\u00e9\" width=\"800\" height=\"450\" src=\"https:\/\/www.youtube.com\/embed\/oeQMznPAocw?feature=oembed\" frameborder=\"0\" allow=\"accelerometer; autoplay; clipboard-write; encrypted-media; gyroscope; picture-in-picture; web-share\" allowfullscreen><\/iframe>\n<\/div><\/figure>\n","protected":false},"excerpt":{"rendered":"<p>Pierre Charri\u00e9, parrain des Verallia Design Awards 2023, partage sa vision du design et ses conseils inspirants. D\u00e9couvrez son engagement !<\/p>\n","protected":false},"author":1,"featured_media":21345,"comment_status":"closed","ping_status":"closed","sticky":false,"template":"","format":"standard","meta":{"_acf_changed":false,"footnotes":""},"categories":[23],"tags":[],"class_list":["post-14908","post","type-post","status-publish","format-standard","has-post-thumbnail","hentry","category-verallia"],"acf":[],"yoast_head":"<!-- This site is optimized with the Yoast SEO plugin v27.3 - https:\/\/yoast.com\/product\/yoast-seo-wordpress\/ -->\n<title>Rencontrez Pierre Charri\u00e9 - Verallia Design Awards<\/title>\n<meta name=\"description\" content=\"Rencontrez Pierre Charri\u00e9, parrain des Verallia Design Awards 2023, et d\u00e9couvrez sa vision inspirante du design verre et son engagement dans le concours.\" \/>\n<meta name=\"robots\" content=\"index, follow, max-snippet:-1, max-image-preview:large, max-video-preview:-1\" \/>\n<link rel=\"canonical\" href=\"https:\/\/design.awards.verallia.fr\/fr\/pierre-charrie-parrain-des-verallia-design-awards-2023\/\" \/>\n<meta property=\"og:locale\" content=\"fr_FR\" \/>\n<meta property=\"og:type\" content=\"article\" \/>\n<meta property=\"og:title\" content=\"Rencontrez Pierre Charri\u00e9 - Verallia Design Awards\" \/>\n<meta property=\"og:description\" content=\"Rencontrez Pierre Charri\u00e9, parrain des Verallia Design Awards 2023, et d\u00e9couvrez sa vision inspirante du design verre et son engagement dans le concours.\" \/>\n<meta property=\"og:url\" content=\"https:\/\/design.awards.verallia.fr\/fr\/pierre-charrie-parrain-des-verallia-design-awards-2023\/\" \/>\n<meta property=\"og:site_name\" content=\"Verallia Design Awards\" \/>\n<meta property=\"article:published_time\" content=\"2023-02-20T11:22:33+00:00\" \/>\n<meta property=\"article:modified_time\" content=\"2023-09-18T15:46:28+00:00\" \/>\n<meta property=\"og:image\" content=\"https:\/\/design.awards.verallia.fr\/wp-content\/uploads\/2023\/05\/actu-parrain.png\" \/>\n\t<meta property=\"og:image:width\" content=\"1200\" \/>\n\t<meta property=\"og:image:height\" content=\"508\" \/>\n\t<meta property=\"og:image:type\" content=\"image\/png\" \/>\n<meta name=\"author\" content=\"Armstrong Admin\" \/>\n<meta name=\"twitter:card\" content=\"summary_large_image\" \/>\n<meta name=\"twitter:label1\" content=\"\u00c9crit par\" \/>\n\t<meta name=\"twitter:data1\" content=\"Armstrong Admin\" \/>\n\t<meta name=\"twitter:label2\" content=\"Dur\u00e9e de lecture estim\u00e9e\" \/>\n\t<meta name=\"twitter:data2\" content=\"1 minute\" \/>\n<script type=\"application\/ld+json\" class=\"yoast-schema-graph\">{\"@context\":\"https:\\\/\\\/schema.org\",\"@graph\":[{\"@type\":\"Article\",\"@id\":\"https:\\\/\\\/design.awards.verallia.fr\\\/fr\\\/pierre-charrie-parrain-des-verallia-design-awards-2023\\\/#article\",\"isPartOf\":{\"@id\":\"https:\\\/\\\/design.awards.verallia.fr\\\/fr\\\/pierre-charrie-parrain-des-verallia-design-awards-2023\\\/\"},\"author\":{\"name\":\"Armstrong Admin\",\"@id\":\"https:\\\/\\\/design.awards.verallia.fr\\\/fr\\\/#\\\/schema\\\/person\\\/67005c2adf823ed59d0a348d23fe299c\"},\"headline\":\"Rencontrez Pierre Charri\u00e9\",\"datePublished\":\"2023-02-20T11:22:33+00:00\",\"dateModified\":\"2023-09-18T15:46:28+00:00\",\"mainEntityOfPage\":{\"@id\":\"https:\\\/\\\/design.awards.verallia.fr\\\/fr\\\/pierre-charrie-parrain-des-verallia-design-awards-2023\\\/\"},\"wordCount\":68,\"publisher\":{\"@id\":\"https:\\\/\\\/design.awards.verallia.fr\\\/fr\\\/#organization\"},\"image\":{\"@id\":\"https:\\\/\\\/design.awards.verallia.fr\\\/fr\\\/pierre-charrie-parrain-des-verallia-design-awards-2023\\\/#primaryimage\"},\"thumbnailUrl\":\"https:\\\/\\\/design.awards.verallia.fr\\\/wp-content\\\/uploads\\\/2023\\\/05\\\/actu-parrain.png\",\"articleSection\":[\"Verallia\"],\"inLanguage\":\"fr-FR\"},{\"@type\":\"WebPage\",\"@id\":\"https:\\\/\\\/design.awards.verallia.fr\\\/fr\\\/pierre-charrie-parrain-des-verallia-design-awards-2023\\\/\",\"url\":\"https:\\\/\\\/design.awards.verallia.fr\\\/fr\\\/pierre-charrie-parrain-des-verallia-design-awards-2023\\\/\",\"name\":\"Rencontrez Pierre Charri\u00e9 - Verallia Design Awards\",\"isPartOf\":{\"@id\":\"https:\\\/\\\/design.awards.verallia.fr\\\/fr\\\/#website\"},\"primaryImageOfPage\":{\"@id\":\"https:\\\/\\\/design.awards.verallia.fr\\\/fr\\\/pierre-charrie-parrain-des-verallia-design-awards-2023\\\/#primaryimage\"},\"image\":{\"@id\":\"https:\\\/\\\/design.awards.verallia.fr\\\/fr\\\/pierre-charrie-parrain-des-verallia-design-awards-2023\\\/#primaryimage\"},\"thumbnailUrl\":\"https:\\\/\\\/design.awards.verallia.fr\\\/wp-content\\\/uploads\\\/2023\\\/05\\\/actu-parrain.png\",\"datePublished\":\"2023-02-20T11:22:33+00:00\",\"dateModified\":\"2023-09-18T15:46:28+00:00\",\"description\":\"Rencontrez Pierre Charri\u00e9, parrain des Verallia Design Awards 2023, et d\u00e9couvrez sa vision inspirante du design verre et son engagement dans le concours.\",\"breadcrumb\":{\"@id\":\"https:\\\/\\\/design.awards.verallia.fr\\\/fr\\\/pierre-charrie-parrain-des-verallia-design-awards-2023\\\/#breadcrumb\"},\"inLanguage\":\"fr-FR\",\"potentialAction\":[{\"@type\":\"ReadAction\",\"target\":[\"https:\\\/\\\/design.awards.verallia.fr\\\/fr\\\/pierre-charrie-parrain-des-verallia-design-awards-2023\\\/\"]}]},{\"@type\":\"ImageObject\",\"inLanguage\":\"fr-FR\",\"@id\":\"https:\\\/\\\/design.awards.verallia.fr\\\/fr\\\/pierre-charrie-parrain-des-verallia-design-awards-2023\\\/#primaryimage\",\"url\":\"https:\\\/\\\/design.awards.verallia.fr\\\/wp-content\\\/uploads\\\/2023\\\/05\\\/actu-parrain.png\",\"contentUrl\":\"https:\\\/\\\/design.awards.verallia.fr\\\/wp-content\\\/uploads\\\/2023\\\/05\\\/actu-parrain.png\",\"width\":1200,\"height\":508,\"caption\":\"Rencontrez Pierre Charri\u00e9 !\"},{\"@type\":\"BreadcrumbList\",\"@id\":\"https:\\\/\\\/design.awards.verallia.fr\\\/fr\\\/pierre-charrie-parrain-des-verallia-design-awards-2023\\\/#breadcrumb\",\"itemListElement\":[{\"@type\":\"ListItem\",\"position\":1,\"name\":\"Accueil\",\"item\":\"https:\\\/\\\/design.awards.verallia.fr\\\/fr\\\/\"},{\"@type\":\"ListItem\",\"position\":2,\"name\":\"Rencontrez Pierre Charri\u00e9\"}]},{\"@type\":\"WebSite\",\"@id\":\"https:\\\/\\\/design.awards.verallia.fr\\\/fr\\\/#website\",\"url\":\"https:\\\/\\\/design.awards.verallia.fr\\\/fr\\\/\",\"name\":\"Verallia Design Awards\",\"description\":\"Verallia Design Award, le concours de design du packaging en verre\",\"publisher\":{\"@id\":\"https:\\\/\\\/design.awards.verallia.fr\\\/fr\\\/#organization\"},\"potentialAction\":[{\"@type\":\"SearchAction\",\"target\":{\"@type\":\"EntryPoint\",\"urlTemplate\":\"https:\\\/\\\/design.awards.verallia.fr\\\/fr\\\/?s={search_term_string}\"},\"query-input\":{\"@type\":\"PropertyValueSpecification\",\"valueRequired\":true,\"valueName\":\"search_term_string\"}}],\"inLanguage\":\"fr-FR\"},{\"@type\":\"Organization\",\"@id\":\"https:\\\/\\\/design.awards.verallia.fr\\\/fr\\\/#organization\",\"name\":\"Verallia Design Awards\",\"url\":\"https:\\\/\\\/design.awards.verallia.fr\\\/fr\\\/\",\"logo\":{\"@type\":\"ImageObject\",\"inLanguage\":\"fr-FR\",\"@id\":\"https:\\\/\\\/design.awards.verallia.fr\\\/fr\\\/#\\\/schema\\\/logo\\\/image\\\/\",\"url\":\"https:\\\/\\\/design.awards.verallia.fr\\\/wp-content\\\/uploads\\\/2023\\\/05\\\/logo-small.png\",\"contentUrl\":\"https:\\\/\\\/design.awards.verallia.fr\\\/wp-content\\\/uploads\\\/2023\\\/05\\\/logo-small.png\",\"width\":198,\"height\":117,\"caption\":\"Verallia Design Awards\"},\"image\":{\"@id\":\"https:\\\/\\\/design.awards.verallia.fr\\\/fr\\\/#\\\/schema\\\/logo\\\/image\\\/\"}},{\"@type\":\"Person\",\"@id\":\"https:\\\/\\\/design.awards.verallia.fr\\\/fr\\\/#\\\/schema\\\/person\\\/67005c2adf823ed59d0a348d23fe299c\",\"name\":\"Armstrong Admin\",\"image\":{\"@type\":\"ImageObject\",\"inLanguage\":\"fr-FR\",\"@id\":\"https:\\\/\\\/secure.gravatar.com\\\/avatar\\\/7a9e66cf9fe415ae2d6a0fa3a100ae4fc9c9a98b04cf2355b45ab8e8c13a628f?s=96&d=mm&r=g\",\"url\":\"https:\\\/\\\/secure.gravatar.com\\\/avatar\\\/7a9e66cf9fe415ae2d6a0fa3a100ae4fc9c9a98b04cf2355b45ab8e8c13a628f?s=96&d=mm&r=g\",\"contentUrl\":\"https:\\\/\\\/secure.gravatar.com\\\/avatar\\\/7a9e66cf9fe415ae2d6a0fa3a100ae4fc9c9a98b04cf2355b45ab8e8c13a628f?s=96&d=mm&r=g\",\"caption\":\"Armstrong Admin\"},\"sameAs\":[\"https:\\\/\\\/design.awards.verallia.fr\"],\"url\":\"https:\\\/\\\/design.awards.verallia.fr\"}]}<\/script>\n<!-- \/ Yoast SEO plugin. -->","yoast_head_json":{"title":"Rencontrez Pierre Charri\u00e9 - Verallia Design Awards","description":"Rencontrez Pierre Charri\u00e9, parrain des Verallia Design Awards 2023, et d\u00e9couvrez sa vision inspirante du design verre et son engagement dans le concours.","robots":{"index":"index","follow":"follow","max-snippet":"max-snippet:-1","max-image-preview":"max-image-preview:large","max-video-preview":"max-video-preview:-1"},"canonical":"https:\/\/design.awards.verallia.fr\/fr\/pierre-charrie-parrain-des-verallia-design-awards-2023\/","og_locale":"fr_FR","og_type":"article","og_title":"Rencontrez Pierre Charri\u00e9 - Verallia Design Awards","og_description":"Rencontrez Pierre Charri\u00e9, parrain des Verallia Design Awards 2023, et d\u00e9couvrez sa vision inspirante du design verre et son engagement dans le concours.","og_url":"https:\/\/design.awards.verallia.fr\/fr\/pierre-charrie-parrain-des-verallia-design-awards-2023\/","og_site_name":"Verallia Design Awards","article_published_time":"2023-02-20T11:22:33+00:00","article_modified_time":"2023-09-18T15:46:28+00:00","og_image":[{"width":1200,"height":508,"url":"https:\/\/design.awards.verallia.fr\/wp-content\/uploads\/2023\/05\/actu-parrain.png","type":"image\/png"}],"author":"Armstrong Admin","twitter_card":"summary_large_image","twitter_misc":{"\u00c9crit par":"Armstrong Admin","Dur\u00e9e de lecture estim\u00e9e":"1 minute"},"schema":{"@context":"https:\/\/schema.org","@graph":[{"@type":"Article","@id":"https:\/\/design.awards.verallia.fr\/fr\/pierre-charrie-parrain-des-verallia-design-awards-2023\/#article","isPartOf":{"@id":"https:\/\/design.awards.verallia.fr\/fr\/pierre-charrie-parrain-des-verallia-design-awards-2023\/"},"author":{"name":"Armstrong Admin","@id":"https:\/\/design.awards.verallia.fr\/fr\/#\/schema\/person\/67005c2adf823ed59d0a348d23fe299c"},"headline":"Rencontrez Pierre Charri\u00e9","datePublished":"2023-02-20T11:22:33+00:00","dateModified":"2023-09-18T15:46:28+00:00","mainEntityOfPage":{"@id":"https:\/\/design.awards.verallia.fr\/fr\/pierre-charrie-parrain-des-verallia-design-awards-2023\/"},"wordCount":68,"publisher":{"@id":"https:\/\/design.awards.verallia.fr\/fr\/#organization"},"image":{"@id":"https:\/\/design.awards.verallia.fr\/fr\/pierre-charrie-parrain-des-verallia-design-awards-2023\/#primaryimage"},"thumbnailUrl":"https:\/\/design.awards.verallia.fr\/wp-content\/uploads\/2023\/05\/actu-parrain.png","articleSection":["Verallia"],"inLanguage":"fr-FR"},{"@type":"WebPage","@id":"https:\/\/design.awards.verallia.fr\/fr\/pierre-charrie-parrain-des-verallia-design-awards-2023\/","url":"https:\/\/design.awards.verallia.fr\/fr\/pierre-charrie-parrain-des-verallia-design-awards-2023\/","name":"Rencontrez Pierre Charri\u00e9 - Verallia Design Awards","isPartOf":{"@id":"https:\/\/design.awards.verallia.fr\/fr\/#website"},"primaryImageOfPage":{"@id":"https:\/\/design.awards.verallia.fr\/fr\/pierre-charrie-parrain-des-verallia-design-awards-2023\/#primaryimage"},"image":{"@id":"https:\/\/design.awards.verallia.fr\/fr\/pierre-charrie-parrain-des-verallia-design-awards-2023\/#primaryimage"},"thumbnailUrl":"https:\/\/design.awards.verallia.fr\/wp-content\/uploads\/2023\/05\/actu-parrain.png","datePublished":"2023-02-20T11:22:33+00:00","dateModified":"2023-09-18T15:46:28+00:00","description":"Rencontrez Pierre Charri\u00e9, parrain des Verallia Design Awards 2023, et d\u00e9couvrez sa vision inspirante du design verre et son engagement dans le concours.","breadcrumb":{"@id":"https:\/\/design.awards.verallia.fr\/fr\/pierre-charrie-parrain-des-verallia-design-awards-2023\/#breadcrumb"},"inLanguage":"fr-FR","potentialAction":[{"@type":"ReadAction","target":["https:\/\/design.awards.verallia.fr\/fr\/pierre-charrie-parrain-des-verallia-design-awards-2023\/"]}]},{"@type":"ImageObject","inLanguage":"fr-FR","@id":"https:\/\/design.awards.verallia.fr\/fr\/pierre-charrie-parrain-des-verallia-design-awards-2023\/#primaryimage","url":"https:\/\/design.awards.verallia.fr\/wp-content\/uploads\/2023\/05\/actu-parrain.png","contentUrl":"https:\/\/design.awards.verallia.fr\/wp-content\/uploads\/2023\/05\/actu-parrain.png","width":1200,"height":508,"caption":"Rencontrez Pierre Charri\u00e9 !"},{"@type":"BreadcrumbList","@id":"https:\/\/design.awards.verallia.fr\/fr\/pierre-charrie-parrain-des-verallia-design-awards-2023\/#breadcrumb","itemListElement":[{"@type":"ListItem","position":1,"name":"Accueil","item":"https:\/\/design.awards.verallia.fr\/fr\/"},{"@type":"ListItem","position":2,"name":"Rencontrez Pierre Charri\u00e9"}]},{"@type":"WebSite","@id":"https:\/\/design.awards.verallia.fr\/fr\/#website","url":"https:\/\/design.awards.verallia.fr\/fr\/","name":"Verallia Design Awards","description":"Verallia Design Award, le concours de design du packaging en verre","publisher":{"@id":"https:\/\/design.awards.verallia.fr\/fr\/#organization"},"potentialAction":[{"@type":"SearchAction","target":{"@type":"EntryPoint","urlTemplate":"https:\/\/design.awards.verallia.fr\/fr\/?s={search_term_string}"},"query-input":{"@type":"PropertyValueSpecification","valueRequired":true,"valueName":"search_term_string"}}],"inLanguage":"fr-FR"},{"@type":"Organization","@id":"https:\/\/design.awards.verallia.fr\/fr\/#organization","name":"Verallia Design Awards","url":"https:\/\/design.awards.verallia.fr\/fr\/","logo":{"@type":"ImageObject","inLanguage":"fr-FR","@id":"https:\/\/design.awards.verallia.fr\/fr\/#\/schema\/logo\/image\/","url":"https:\/\/design.awards.verallia.fr\/wp-content\/uploads\/2023\/05\/logo-small.png","contentUrl":"https:\/\/design.awards.verallia.fr\/wp-content\/uploads\/2023\/05\/logo-small.png","width":198,"height":117,"caption":"Verallia Design Awards"},"image":{"@id":"https:\/\/design.awards.verallia.fr\/fr\/#\/schema\/logo\/image\/"}},{"@type":"Person","@id":"https:\/\/design.awards.verallia.fr\/fr\/#\/schema\/person\/67005c2adf823ed59d0a348d23fe299c","name":"Armstrong Admin","image":{"@type":"ImageObject","inLanguage":"fr-FR","@id":"https:\/\/secure.gravatar.com\/avatar\/7a9e66cf9fe415ae2d6a0fa3a100ae4fc9c9a98b04cf2355b45ab8e8c13a628f?s=96&d=mm&r=g","url":"https:\/\/secure.gravatar.com\/avatar\/7a9e66cf9fe415ae2d6a0fa3a100ae4fc9c9a98b04cf2355b45ab8e8c13a628f?s=96&d=mm&r=g","contentUrl":"https:\/\/secure.gravatar.com\/avatar\/7a9e66cf9fe415ae2d6a0fa3a100ae4fc9c9a98b04cf2355b45ab8e8c13a628f?s=96&d=mm&r=g","caption":"Armstrong Admin"},"sameAs":["https:\/\/design.awards.verallia.fr"],"url":"https:\/\/design.awards.verallia.fr"}]}},"_links":{"self":[{"href":"https:\/\/design.awards.verallia.fr\/fr\/wp-json\/wp\/v2\/posts\/14908","targetHints":{"allow":["GET"]}}],"collection":[{"href":"https:\/\/design.awards.verallia.fr\/fr\/wp-json\/wp\/v2\/posts"}],"about":[{"href":"https:\/\/design.awards.verallia.fr\/fr\/wp-json\/wp\/v2\/types\/post"}],"author":[{"embeddable":true,"href":"https:\/\/design.awards.verallia.fr\/fr\/wp-json\/wp\/v2\/users\/1"}],"replies":[{"embeddable":true,"href":"https:\/\/design.awards.verallia.fr\/fr\/wp-json\/wp\/v2\/comments?post=14908"}],"version-history":[{"count":3,"href":"https:\/\/design.awards.verallia.fr\/fr\/wp-json\/wp\/v2\/posts\/14908\/revisions"}],"predecessor-version":[{"id":31915,"href":"https:\/\/design.awards.verallia.fr\/fr\/wp-json\/wp\/v2\/posts\/14908\/revisions\/31915"}],"wp:featuredmedia":[{"embeddable":true,"href":"https:\/\/design.awards.verallia.fr\/fr\/wp-json\/wp\/v2\/media\/21345"}],"wp:attachment":[{"href":"https:\/\/design.awards.verallia.fr\/fr\/wp-json\/wp\/v2\/media?parent=14908"}],"wp:term":[{"taxonomy":"category","embeddable":true,"href":"https:\/\/design.awards.verallia.fr\/fr\/wp-json\/wp\/v2\/categories?post=14908"},{"taxonomy":"post_tag","embeddable":true,"href":"https:\/\/design.awards.verallia.fr\/fr\/wp-json\/wp\/v2\/tags?post=14908"}],"curies":[{"name":"wp","href":"https:\/\/api.w.org\/{rel}","templated":true}]}}