{"id":40310,"date":"2024-04-17T16:35:56","date_gmt":"2024-04-17T14:35:56","guid":{"rendered":"https:\/\/design.awards.verallia.fr\/?p=40310"},"modified":"2026-01-23T11:26:09","modified_gmt":"2026-01-23T10:26:09","slug":"un-grand-merci-a-tous-les-participants","status":"publish","type":"post","link":"https:\/\/design.awards.verallia.fr\/fr\/un-grand-merci-a-tous-les-participants\/","title":{"rendered":"Un grand merci \u00e0 tous les participants"},"content":{"rendered":"\t\t<div data-elementor-type=\"wp-post\" data-elementor-id=\"40310\" class=\"elementor elementor-40310\" data-elementor-post-type=\"post\">\n\t\t\t\t<div class=\"elementor-element elementor-element-d863a44 e-flex e-con-boxed e-con e-parent\" data-id=\"d863a44\" data-element_type=\"container\" data-e-type=\"container\">\n\t\t\t\t\t<div class=\"e-con-inner\">\n\t\t\t\t<div class=\"elementor-element elementor-element-adf4475 elementor-widget elementor-widget-text-editor\" data-id=\"adf4475\" data-element_type=\"widget\" data-e-type=\"widget\" data-widget_type=\"text-editor.default\">\n\t\t\t\t<div class=\"elementor-widget-container\">\n\t\t\t\t\t\t\t\t\t<p><b>Nous tenons \u00e0 remercier tous ceux qui ont particip\u00e9 \u00e0 cette \u00e9dition<\/b> des Verallia Design Awards. Votre cr\u00e9ativit\u00e9, votre passion et votre engagement ont \u00e9t\u00e9 v\u00e9ritablement inspirants.&nbsp;<\/p>\n<p>Actuellement, <b>notre jury expert examine attentivement chaque projet avec le plus grand soin<\/b>. Leur expertise et leur perspective vari\u00e9e garantiront une \u00e9valuation juste et impartiale de tous les designs pr\u00e9sent\u00e9s.<\/p>\n<p>Nous sommes ravis de vous annoncer que la <b>d\u00e9lib\u00e9ration du jury<\/b> final, compos\u00e9 de professionnels de l&#8217;industrie agroalimentaire, de designers de renom et de journalistes sp\u00e9cialis\u00e9s, aura lieu <b>le 23 mai<\/b>. Cet \u00e9v\u00e9nement crucial d\u00e9terminera les laur\u00e9ats de <a href=\"https:\/\/design.awards.verallia.fr\/fr\/concours-design-2024\/\">cette \u00e9dition des Verallia Design Awards.<\/a><\/p>\n<p>Quant \u00e0 la <b>c\u00e9r\u00e9monie <\/b>tant attendue de remise des prix, elle est pr\u00e9vue pour le <b>28 juin<\/b>. <a href=\"https:\/\/www.instagram.com\/veralliadesignawards\/\">Restez connect\u00e9s<\/a> pour conna\u00eetre les noms des gagnants et pour c\u00e9l\u00e9brer ensemble leurs r\u00e9alisations exceptionnelles.<\/p>\t\t\t\t\t\t\t\t<\/div>\n\t\t\t\t<\/div>\n\t\t\t\t\t<\/div>\n\t\t\t\t<\/div>\n\t\t<div class=\"elementor-element elementor-element-2d95374 e-con-full e-flex e-con e-parent\" data-id=\"2d95374\" data-element_type=\"container\" data-e-type=\"container\">\n\t\t<div class=\"elementor-element elementor-element-92082f7 e-con-full e-flex e-con e-child\" data-id=\"92082f7\" data-element_type=\"container\" data-e-type=\"container\">\n\t\t\t\t<div class=\"elementor-element elementor-element-b7b2b20 elementor-widget elementor-widget-image\" data-id=\"b7b2b20\" data-element_type=\"widget\" data-e-type=\"widget\" data-widget_type=\"image.default\">\n\t\t\t\t<div class=\"elementor-widget-container\">\n\t\t\t\t\t\t\t\t\t\t\t\t\t\t\t<img fetchpriority=\"high\" decoding=\"async\" width=\"768\" height=\"548\" src=\"https:\/\/design.awards.verallia.fr\/wp-content\/uploads\/2024\/04\/taupinprod-web-dsc-9603-t-768x548-1.jpg\" class=\"attachment-medium_large size-medium_large wp-image-99374\" alt=\"\" srcset=\"https:\/\/design.awards.verallia.fr\/wp-content\/uploads\/2024\/04\/taupinprod-web-dsc-9603-t-768x548-1.jpg 768w, https:\/\/design.awards.verallia.fr\/wp-content\/uploads\/2024\/04\/taupinprod-web-dsc-9603-t-768x548-1-300x214.jpg 300w\" sizes=\"(max-width: 768px) 100vw, 768px\" \/>\t\t\t\t\t\t\t\t\t\t\t\t\t\t\t<\/div>\n\t\t\t\t<\/div>\n\t\t\t\t<\/div>\n\t\t<div class=\"elementor-element elementor-element-ab481b0 e-con-full e-flex e-con e-child\" data-id=\"ab481b0\" data-element_type=\"container\" data-e-type=\"container\">\n\t\t\t\t<div class=\"elementor-element elementor-element-483bb37 elementor-widget elementor-widget-image\" data-id=\"483bb37\" data-element_type=\"widget\" data-e-type=\"widget\" data-widget_type=\"image.default\">\n\t\t\t\t<div class=\"elementor-widget-container\">\n\t\t\t\t\t\t\t\t\t\t\t\t\t\t\t<img decoding=\"async\" width=\"800\" height=\"532\" src=\"https:\/\/design.awards.verallia.fr\/wp-content\/uploads\/2024\/04\/taupinprod-web-dsc-9844-t-1024x681-1.jpg\" class=\"attachment-large size-large wp-image-99376\" alt=\"\" srcset=\"https:\/\/design.awards.verallia.fr\/wp-content\/uploads\/2024\/04\/taupinprod-web-dsc-9844-t-1024x681-1.jpg 1024w, https:\/\/design.awards.verallia.fr\/wp-content\/uploads\/2024\/04\/taupinprod-web-dsc-9844-t-1024x681-1-300x200.jpg 300w, https:\/\/design.awards.verallia.fr\/wp-content\/uploads\/2024\/04\/taupinprod-web-dsc-9844-t-1024x681-1-768x511.jpg 768w\" sizes=\"(max-width: 800px) 100vw, 800px\" \/>\t\t\t\t\t\t\t\t\t\t\t\t\t\t\t<\/div>\n\t\t\t\t<\/div>\n\t\t\t\t<\/div>\n\t\t\t\t<\/div>\n\t\t\t\t<\/div>\n\t\t","protected":false},"excerpt":{"rendered":"<p>Nous tenons \u00e0 remercier tous ceux qui ont particip\u00e9 \u00e0 cette \u00e9dition des Verallia Design Awards. Votre cr\u00e9ativit\u00e9, votre passion et votre engagement ont \u00e9t\u00e9 v\u00e9ritablement inspirants.&nbsp; Actuellement, notre jury expert examine attentivement chaque projet avec le plus grand soin. Leur expertise et leur perspective vari\u00e9e garantiront une \u00e9valuation juste et impartiale de tous les [&hellip;]<\/p>\n","protected":false},"author":339,"featured_media":99372,"comment_status":"closed","ping_status":"closed","sticky":false,"template":"","format":"standard","meta":{"_acf_changed":false,"footnotes":""},"categories":[23],"tags":[],"class_list":["post-40310","post","type-post","status-publish","format-standard","has-post-thumbnail","hentry","category-verallia"],"acf":[],"yoast_head":"<!-- This site is optimized with the Yoast SEO plugin v27.3 - https:\/\/yoast.com\/product\/yoast-seo-wordpress\/ -->\n<title>Un grand merci \u00e0 tous les participants - Verallia Design Awards<\/title>\n<meta name=\"robots\" content=\"index, follow, max-snippet:-1, max-image-preview:large, max-video-preview:-1\" \/>\n<link rel=\"canonical\" href=\"https:\/\/design.awards.verallia.fr\/fr\/un-grand-merci-a-tous-les-participants\/\" \/>\n<meta property=\"og:locale\" content=\"fr_FR\" \/>\n<meta property=\"og:type\" content=\"article\" \/>\n<meta property=\"og:title\" content=\"Un grand merci \u00e0 tous les participants - Verallia Design Awards\" \/>\n<meta property=\"og:description\" content=\"Nous tenons \u00e0 remercier tous ceux qui ont particip\u00e9 \u00e0 cette \u00e9dition des Verallia Design Awards. Votre cr\u00e9ativit\u00e9, votre passion et votre engagement ont \u00e9t\u00e9 v\u00e9ritablement inspirants.&nbsp; Actuellement, notre jury expert examine attentivement chaque projet avec le plus grand soin. Leur expertise et leur perspective vari\u00e9e garantiront une \u00e9valuation juste et impartiale de tous les [&hellip;]\" \/>\n<meta property=\"og:url\" content=\"https:\/\/design.awards.verallia.fr\/fr\/un-grand-merci-a-tous-les-participants\/\" \/>\n<meta property=\"og:site_name\" content=\"Verallia Design Awards\" \/>\n<meta property=\"article:published_time\" content=\"2024-04-17T14:35:56+00:00\" \/>\n<meta property=\"article:modified_time\" content=\"2026-01-23T10:26:09+00:00\" \/>\n<meta property=\"og:image\" content=\"https:\/\/design.awards.verallia.fr\/wp-content\/uploads\/2024\/04\/dossier-verallia-design-awards.png\" \/>\n\t<meta property=\"og:image:width\" content=\"1024\" \/>\n\t<meta property=\"og:image:height\" content=\"711\" \/>\n\t<meta property=\"og:image:type\" content=\"image\/png\" \/>\n<meta name=\"twitter:card\" content=\"summary_large_image\" \/>\n<meta name=\"twitter:label1\" content=\"\u00c9crit par\" \/>\n\t<meta name=\"twitter:data1\" content=\"\" \/>\n\t<meta name=\"twitter:label2\" content=\"Dur\u00e9e de lecture estim\u00e9e\" \/>\n\t<meta name=\"twitter:data2\" content=\"2 minutes\" \/>\n<script type=\"application\/ld+json\" class=\"yoast-schema-graph\">{\"@context\":\"https:\\\/\\\/schema.org\",\"@graph\":[{\"@type\":\"Article\",\"@id\":\"https:\\\/\\\/design.awards.verallia.fr\\\/fr\\\/un-grand-merci-a-tous-les-participants\\\/#article\",\"isPartOf\":{\"@id\":\"https:\\\/\\\/design.awards.verallia.fr\\\/fr\\\/un-grand-merci-a-tous-les-participants\\\/\"},\"author\":{\"name\":\"\",\"@id\":\"\"},\"headline\":\"Un grand merci \u00e0 tous les participants\",\"datePublished\":\"2024-04-17T14:35:56+00:00\",\"dateModified\":\"2026-01-23T10:26:09+00:00\",\"mainEntityOfPage\":{\"@id\":\"https:\\\/\\\/design.awards.verallia.fr\\\/fr\\\/un-grand-merci-a-tous-les-participants\\\/\"},\"wordCount\":156,\"publisher\":{\"@id\":\"https:\\\/\\\/design.awards.verallia.fr\\\/fr\\\/#organization\"},\"image\":{\"@id\":\"https:\\\/\\\/design.awards.verallia.fr\\\/fr\\\/un-grand-merci-a-tous-les-participants\\\/#primaryimage\"},\"thumbnailUrl\":\"https:\\\/\\\/design.awards.verallia.fr\\\/wp-content\\\/uploads\\\/2024\\\/04\\\/dossier-verallia-design-awards.png\",\"articleSection\":[\"Verallia\"],\"inLanguage\":\"fr-FR\"},{\"@type\":\"WebPage\",\"@id\":\"https:\\\/\\\/design.awards.verallia.fr\\\/fr\\\/un-grand-merci-a-tous-les-participants\\\/\",\"url\":\"https:\\\/\\\/design.awards.verallia.fr\\\/fr\\\/un-grand-merci-a-tous-les-participants\\\/\",\"name\":\"Un grand merci \u00e0 tous les participants - Verallia Design Awards\",\"isPartOf\":{\"@id\":\"https:\\\/\\\/design.awards.verallia.fr\\\/fr\\\/#website\"},\"primaryImageOfPage\":{\"@id\":\"https:\\\/\\\/design.awards.verallia.fr\\\/fr\\\/un-grand-merci-a-tous-les-participants\\\/#primaryimage\"},\"image\":{\"@id\":\"https:\\\/\\\/design.awards.verallia.fr\\\/fr\\\/un-grand-merci-a-tous-les-participants\\\/#primaryimage\"},\"thumbnailUrl\":\"https:\\\/\\\/design.awards.verallia.fr\\\/wp-content\\\/uploads\\\/2024\\\/04\\\/dossier-verallia-design-awards.png\",\"datePublished\":\"2024-04-17T14:35:56+00:00\",\"dateModified\":\"2026-01-23T10:26:09+00:00\",\"breadcrumb\":{\"@id\":\"https:\\\/\\\/design.awards.verallia.fr\\\/fr\\\/un-grand-merci-a-tous-les-participants\\\/#breadcrumb\"},\"inLanguage\":\"fr-FR\",\"potentialAction\":[{\"@type\":\"ReadAction\",\"target\":[\"https:\\\/\\\/design.awards.verallia.fr\\\/fr\\\/un-grand-merci-a-tous-les-participants\\\/\"]}]},{\"@type\":\"ImageObject\",\"inLanguage\":\"fr-FR\",\"@id\":\"https:\\\/\\\/design.awards.verallia.fr\\\/fr\\\/un-grand-merci-a-tous-les-participants\\\/#primaryimage\",\"url\":\"https:\\\/\\\/design.awards.verallia.fr\\\/wp-content\\\/uploads\\\/2024\\\/04\\\/dossier-verallia-design-awards.png\",\"contentUrl\":\"https:\\\/\\\/design.awards.verallia.fr\\\/wp-content\\\/uploads\\\/2024\\\/04\\\/dossier-verallia-design-awards.png\",\"width\":1024,\"height\":711},{\"@type\":\"BreadcrumbList\",\"@id\":\"https:\\\/\\\/design.awards.verallia.fr\\\/fr\\\/un-grand-merci-a-tous-les-participants\\\/#breadcrumb\",\"itemListElement\":[{\"@type\":\"ListItem\",\"position\":1,\"name\":\"Accueil\",\"item\":\"https:\\\/\\\/design.awards.verallia.fr\\\/fr\\\/\"},{\"@type\":\"ListItem\",\"position\":2,\"name\":\"Un grand merci \u00e0 tous les participants\"}]},{\"@type\":\"WebSite\",\"@id\":\"https:\\\/\\\/design.awards.verallia.fr\\\/fr\\\/#website\",\"url\":\"https:\\\/\\\/design.awards.verallia.fr\\\/fr\\\/\",\"name\":\"Verallia Design Awards\",\"description\":\"Verallia Design Award, le concours de design du packaging en verre\",\"publisher\":{\"@id\":\"https:\\\/\\\/design.awards.verallia.fr\\\/fr\\\/#organization\"},\"potentialAction\":[{\"@type\":\"SearchAction\",\"target\":{\"@type\":\"EntryPoint\",\"urlTemplate\":\"https:\\\/\\\/design.awards.verallia.fr\\\/fr\\\/?s={search_term_string}\"},\"query-input\":{\"@type\":\"PropertyValueSpecification\",\"valueRequired\":true,\"valueName\":\"search_term_string\"}}],\"inLanguage\":\"fr-FR\"},{\"@type\":\"Organization\",\"@id\":\"https:\\\/\\\/design.awards.verallia.fr\\\/fr\\\/#organization\",\"name\":\"Verallia Design Awards\",\"url\":\"https:\\\/\\\/design.awards.verallia.fr\\\/fr\\\/\",\"logo\":{\"@type\":\"ImageObject\",\"inLanguage\":\"fr-FR\",\"@id\":\"https:\\\/\\\/design.awards.verallia.fr\\\/fr\\\/#\\\/schema\\\/logo\\\/image\\\/\",\"url\":\"https:\\\/\\\/design.awards.verallia.fr\\\/wp-content\\\/uploads\\\/2023\\\/05\\\/logo-small.png\",\"contentUrl\":\"https:\\\/\\\/design.awards.verallia.fr\\\/wp-content\\\/uploads\\\/2023\\\/05\\\/logo-small.png\",\"width\":198,\"height\":117,\"caption\":\"Verallia Design Awards\"},\"image\":{\"@id\":\"https:\\\/\\\/design.awards.verallia.fr\\\/fr\\\/#\\\/schema\\\/logo\\\/image\\\/\"}},{\"@type\":\"Person\",\"@id\":\"\",\"url\":\"https:\\\/\\\/design.awards.verallia.fr\"}]}<\/script>\n<!-- \/ Yoast SEO plugin. -->","yoast_head_json":{"title":"Un grand merci \u00e0 tous les participants - Verallia Design Awards","robots":{"index":"index","follow":"follow","max-snippet":"max-snippet:-1","max-image-preview":"max-image-preview:large","max-video-preview":"max-video-preview:-1"},"canonical":"https:\/\/design.awards.verallia.fr\/fr\/un-grand-merci-a-tous-les-participants\/","og_locale":"fr_FR","og_type":"article","og_title":"Un grand merci \u00e0 tous les participants - Verallia Design Awards","og_description":"Nous tenons \u00e0 remercier tous ceux qui ont particip\u00e9 \u00e0 cette \u00e9dition des Verallia Design Awards. Votre cr\u00e9ativit\u00e9, votre passion et votre engagement ont \u00e9t\u00e9 v\u00e9ritablement inspirants.&nbsp; Actuellement, notre jury expert examine attentivement chaque projet avec le plus grand soin. Leur expertise et leur perspective vari\u00e9e garantiront une \u00e9valuation juste et impartiale de tous les [&hellip;]","og_url":"https:\/\/design.awards.verallia.fr\/fr\/un-grand-merci-a-tous-les-participants\/","og_site_name":"Verallia Design Awards","article_published_time":"2024-04-17T14:35:56+00:00","article_modified_time":"2026-01-23T10:26:09+00:00","og_image":[{"width":1024,"height":711,"url":"https:\/\/design.awards.verallia.fr\/wp-content\/uploads\/2024\/04\/dossier-verallia-design-awards.png","type":"image\/png"}],"twitter_card":"summary_large_image","twitter_misc":{"\u00c9crit par":"","Dur\u00e9e de lecture estim\u00e9e":"2 minutes"},"schema":{"@context":"https:\/\/schema.org","@graph":[{"@type":"Article","@id":"https:\/\/design.awards.verallia.fr\/fr\/un-grand-merci-a-tous-les-participants\/#article","isPartOf":{"@id":"https:\/\/design.awards.verallia.fr\/fr\/un-grand-merci-a-tous-les-participants\/"},"author":{"name":"","@id":""},"headline":"Un grand merci \u00e0 tous les participants","datePublished":"2024-04-17T14:35:56+00:00","dateModified":"2026-01-23T10:26:09+00:00","mainEntityOfPage":{"@id":"https:\/\/design.awards.verallia.fr\/fr\/un-grand-merci-a-tous-les-participants\/"},"wordCount":156,"publisher":{"@id":"https:\/\/design.awards.verallia.fr\/fr\/#organization"},"image":{"@id":"https:\/\/design.awards.verallia.fr\/fr\/un-grand-merci-a-tous-les-participants\/#primaryimage"},"thumbnailUrl":"https:\/\/design.awards.verallia.fr\/wp-content\/uploads\/2024\/04\/dossier-verallia-design-awards.png","articleSection":["Verallia"],"inLanguage":"fr-FR"},{"@type":"WebPage","@id":"https:\/\/design.awards.verallia.fr\/fr\/un-grand-merci-a-tous-les-participants\/","url":"https:\/\/design.awards.verallia.fr\/fr\/un-grand-merci-a-tous-les-participants\/","name":"Un grand merci \u00e0 tous les participants - Verallia Design Awards","isPartOf":{"@id":"https:\/\/design.awards.verallia.fr\/fr\/#website"},"primaryImageOfPage":{"@id":"https:\/\/design.awards.verallia.fr\/fr\/un-grand-merci-a-tous-les-participants\/#primaryimage"},"image":{"@id":"https:\/\/design.awards.verallia.fr\/fr\/un-grand-merci-a-tous-les-participants\/#primaryimage"},"thumbnailUrl":"https:\/\/design.awards.verallia.fr\/wp-content\/uploads\/2024\/04\/dossier-verallia-design-awards.png","datePublished":"2024-04-17T14:35:56+00:00","dateModified":"2026-01-23T10:26:09+00:00","breadcrumb":{"@id":"https:\/\/design.awards.verallia.fr\/fr\/un-grand-merci-a-tous-les-participants\/#breadcrumb"},"inLanguage":"fr-FR","potentialAction":[{"@type":"ReadAction","target":["https:\/\/design.awards.verallia.fr\/fr\/un-grand-merci-a-tous-les-participants\/"]}]},{"@type":"ImageObject","inLanguage":"fr-FR","@id":"https:\/\/design.awards.verallia.fr\/fr\/un-grand-merci-a-tous-les-participants\/#primaryimage","url":"https:\/\/design.awards.verallia.fr\/wp-content\/uploads\/2024\/04\/dossier-verallia-design-awards.png","contentUrl":"https:\/\/design.awards.verallia.fr\/wp-content\/uploads\/2024\/04\/dossier-verallia-design-awards.png","width":1024,"height":711},{"@type":"BreadcrumbList","@id":"https:\/\/design.awards.verallia.fr\/fr\/un-grand-merci-a-tous-les-participants\/#breadcrumb","itemListElement":[{"@type":"ListItem","position":1,"name":"Accueil","item":"https:\/\/design.awards.verallia.fr\/fr\/"},{"@type":"ListItem","position":2,"name":"Un grand merci \u00e0 tous les participants"}]},{"@type":"WebSite","@id":"https:\/\/design.awards.verallia.fr\/fr\/#website","url":"https:\/\/design.awards.verallia.fr\/fr\/","name":"Verallia Design Awards","description":"Verallia Design Award, le concours de design du packaging en verre","publisher":{"@id":"https:\/\/design.awards.verallia.fr\/fr\/#organization"},"potentialAction":[{"@type":"SearchAction","target":{"@type":"EntryPoint","urlTemplate":"https:\/\/design.awards.verallia.fr\/fr\/?s={search_term_string}"},"query-input":{"@type":"PropertyValueSpecification","valueRequired":true,"valueName":"search_term_string"}}],"inLanguage":"fr-FR"},{"@type":"Organization","@id":"https:\/\/design.awards.verallia.fr\/fr\/#organization","name":"Verallia Design Awards","url":"https:\/\/design.awards.verallia.fr\/fr\/","logo":{"@type":"ImageObject","inLanguage":"fr-FR","@id":"https:\/\/design.awards.verallia.fr\/fr\/#\/schema\/logo\/image\/","url":"https:\/\/design.awards.verallia.fr\/wp-content\/uploads\/2023\/05\/logo-small.png","contentUrl":"https:\/\/design.awards.verallia.fr\/wp-content\/uploads\/2023\/05\/logo-small.png","width":198,"height":117,"caption":"Verallia Design Awards"},"image":{"@id":"https:\/\/design.awards.verallia.fr\/fr\/#\/schema\/logo\/image\/"}},{"@type":"Person","@id":"","url":"https:\/\/design.awards.verallia.fr"}]}},"_links":{"self":[{"href":"https:\/\/design.awards.verallia.fr\/fr\/wp-json\/wp\/v2\/posts\/40310","targetHints":{"allow":["GET"]}}],"collection":[{"href":"https:\/\/design.awards.verallia.fr\/fr\/wp-json\/wp\/v2\/posts"}],"about":[{"href":"https:\/\/design.awards.verallia.fr\/fr\/wp-json\/wp\/v2\/types\/post"}],"author":[{"embeddable":true,"href":"https:\/\/design.awards.verallia.fr\/fr\/wp-json\/wp\/v2\/users\/339"}],"replies":[{"embeddable":true,"href":"https:\/\/design.awards.verallia.fr\/fr\/wp-json\/wp\/v2\/comments?post=40310"}],"version-history":[{"count":4,"href":"https:\/\/design.awards.verallia.fr\/fr\/wp-json\/wp\/v2\/posts\/40310\/revisions"}],"predecessor-version":[{"id":99380,"href":"https:\/\/design.awards.verallia.fr\/fr\/wp-json\/wp\/v2\/posts\/40310\/revisions\/99380"}],"wp:featuredmedia":[{"embeddable":true,"href":"https:\/\/design.awards.verallia.fr\/fr\/wp-json\/wp\/v2\/media\/99372"}],"wp:attachment":[{"href":"https:\/\/design.awards.verallia.fr\/fr\/wp-json\/wp\/v2\/media?parent=40310"}],"wp:term":[{"taxonomy":"category","embeddable":true,"href":"https:\/\/design.awards.verallia.fr\/fr\/wp-json\/wp\/v2\/categories?post=40310"},{"taxonomy":"post_tag","embeddable":true,"href":"https:\/\/design.awards.verallia.fr\/fr\/wp-json\/wp\/v2\/tags?post=40310"}],"curies":[{"name":"wp","href":"https:\/\/api.w.org\/{rel}","templated":true}]}}