{"id":41608,"date":"2024-10-03T09:27:47","date_gmt":"2024-10-03T07:27:47","guid":{"rendered":"https:\/\/design.awards.verallia.fr\/?p=41608"},"modified":"2026-01-23T11:07:55","modified_gmt":"2026-01-23T10:07:55","slug":"linnovation-au-coeur-de-cette-edition-le-four-100-electrique-moteur-du-renouveau-creatif","status":"publish","type":"post","link":"https:\/\/design.awards.verallia.fr\/fr\/linnovation-au-coeur-de-cette-edition-le-four-100-electrique-moteur-du-renouveau-creatif\/","title":{"rendered":"L&#8217;innovation au c\u0153ur de cette \u00e9dition : Le four 100% \u00e9lectrique, moteur du renouveau cr\u00e9atif"},"content":{"rendered":"\t\t<div data-elementor-type=\"wp-post\" data-elementor-id=\"41608\" class=\"elementor elementor-41608\" data-elementor-post-type=\"post\">\n\t\t\t\t<div class=\"elementor-element elementor-element-867009c e-flex e-con-boxed e-con e-parent\" data-id=\"867009c\" data-element_type=\"container\" data-e-type=\"container\">\n\t\t\t\t\t<div class=\"e-con-inner\">\n\t\t\t\t<div class=\"elementor-element elementor-element-8f3afdd elementor-widget elementor-widget-text-editor\" data-id=\"8f3afdd\" data-element_type=\"widget\" data-e-type=\"widget\" data-widget_type=\"text-editor.default\">\n\t\t\t\t<div class=\"elementor-widget-container\">\n\t\t\t\t\t\t\t\t\t<h5><strong>Cette ann\u00e9e, les Verallia Design Awards mettent en lumi\u00e8re une innovation majeure : le premier four 100% \u00e9l\u00e9ctrique, offrant aux designers l&#8217;opportunit\u00e9 de r\u00e9inventer le verre blanc sous un angle durable et cr\u00e9atif.<\/strong><\/h5>\t\t\t\t\t\t\t\t<\/div>\n\t\t\t\t<\/div>\n\t\t<div class=\"elementor-element elementor-element-8c35a3f e-flex e-con-boxed e-con e-child\" data-id=\"8c35a3f\" data-element_type=\"container\" data-e-type=\"container\">\n\t\t\t\t\t<div class=\"e-con-inner\">\n\t\t\t\t<div class=\"elementor-element elementor-element-bf18269 elementor-widget elementor-widget-text-editor\" data-id=\"bf18269\" data-element_type=\"widget\" data-e-type=\"widget\" data-widget_type=\"text-editor.default\">\n\t\t\t\t<div class=\"elementor-widget-container\">\n\t\t\t\t\t\t\t\t\t<h5>Un engagement pour l&#8217;avenir<\/h5>\t\t\t\t\t\t\t\t<\/div>\n\t\t\t\t<\/div>\n\t\t\t\t<div class=\"elementor-element elementor-element-49f9738 elementor-widget elementor-widget-text-editor\" data-id=\"49f9738\" data-element_type=\"widget\" data-e-type=\"widget\" data-widget_type=\"text-editor.default\">\n\t\t\t\t<div class=\"elementor-widget-container\">\n\t\t\t\t\t\t\t\t\t<p>Pour cette \u00e9dition 2025, les Verallia Design Awards lient le th\u00e8me cr\u00e9atif \u00e0 un enjeu industriel actuel : l&#8217;innovation pour un avenir durable. Verallia a r\u00e9cemment inaugur\u00e9 son premier four 100 % \u00e9lectrique \u00e0 Cognac, marquant une avanc\u00e9e majeure dans l&#8217;industrie du verre d&#8217;emballage. Gr\u00e2ce \u00e0 cette technologie de pointe, le four permet de r\u00e9duire les \u00e9missions de CO2 de 60 %, illustrant l&#8217;engagement de Verallia en faveur de la d\u00e9carbonation et d&#8217;une production plus respectueuse de l&#8217;environnement.<\/p>\t\t\t\t\t\t\t\t<\/div>\n\t\t\t\t<\/div>\n\t\t\t\t\t<\/div>\n\t\t\t\t<\/div>\n\t\t\t\t\t<\/div>\n\t\t\t\t<\/div>\n\t\t<div class=\"elementor-element elementor-element-9a7a204 e-flex e-con-boxed e-con e-parent\" data-id=\"9a7a204\" data-element_type=\"container\" data-e-type=\"container\">\n\t\t\t\t\t<div class=\"e-con-inner\">\n\t\t\t\t<div class=\"elementor-element elementor-element-08ba2f3 elementor-widget elementor-widget-spacer\" data-id=\"08ba2f3\" data-element_type=\"widget\" data-e-type=\"widget\" data-widget_type=\"spacer.default\">\n\t\t\t\t<div class=\"elementor-widget-container\">\n\t\t\t\t\t\t\t<div class=\"elementor-spacer\">\n\t\t\t<div class=\"elementor-spacer-inner\"><\/div>\n\t\t<\/div>\n\t\t\t\t\t\t<\/div>\n\t\t\t\t<\/div>\n\t\t\t\t<div class=\"elementor-element elementor-element-515d801 elementor-widget elementor-widget-video\" data-id=\"515d801\" data-element_type=\"widget\" data-e-type=\"widget\" data-settings=\"{&quot;youtube_url&quot;:&quot;https:\\\/\\\/www.youtube.com\\\/watch?v=R2pP_GXz90E&quot;,&quot;video_type&quot;:&quot;youtube&quot;,&quot;controls&quot;:&quot;yes&quot;}\" data-widget_type=\"video.default\">\n\t\t\t\t<div class=\"elementor-widget-container\">\n\t\t\t\t\t\t\t<div class=\"elementor-wrapper elementor-open-inline\">\n\t\t\t<div class=\"elementor-video\"><\/div>\t\t<\/div>\n\t\t\t\t\t\t<\/div>\n\t\t\t\t<\/div>\n\t\t\t\t\t<\/div>\n\t\t\t\t<\/div>\n\t\t<div class=\"elementor-element elementor-element-156d8bf e-con-full e-flex e-con e-parent\" data-id=\"156d8bf\" data-element_type=\"container\" data-e-type=\"container\">\n\t\t\t\t<div class=\"elementor-element elementor-element-c5dd0be elementor-widget elementor-widget-spacer\" data-id=\"c5dd0be\" data-element_type=\"widget\" data-e-type=\"widget\" data-widget_type=\"spacer.default\">\n\t\t\t\t<div class=\"elementor-widget-container\">\n\t\t\t\t\t\t\t<div class=\"elementor-spacer\">\n\t\t\t<div class=\"elementor-spacer-inner\"><\/div>\n\t\t<\/div>\n\t\t\t\t\t\t<\/div>\n\t\t\t\t<\/div>\n\t\t\t\t<\/div>\n\t\t<div class=\"elementor-element elementor-element-5097681 e-flex e-con-boxed e-con e-parent\" data-id=\"5097681\" data-element_type=\"container\" data-e-type=\"container\">\n\t\t\t\t\t<div class=\"e-con-inner\">\n\t\t<div class=\"elementor-element elementor-element-dd0be7f e-flex e-con-boxed e-con e-child\" data-id=\"dd0be7f\" data-element_type=\"container\" data-e-type=\"container\">\n\t\t\t\t\t<div class=\"e-con-inner\">\n\t\t\t\t<div class=\"elementor-element elementor-element-b17a731 elementor-widget elementor-widget-text-editor\" data-id=\"b17a731\" data-element_type=\"widget\" data-e-type=\"widget\" data-widget_type=\"text-editor.default\">\n\t\t\t\t<div class=\"elementor-widget-container\">\n\t\t\t\t\t\t\t\t\t<h5>Un d\u00e9fi cr\u00e9atif \u00e0 relever<\/h5>\t\t\t\t\t\t\t\t<\/div>\n\t\t\t\t<\/div>\n\t\t\t\t<div class=\"elementor-element elementor-element-5a325bd elementor-widget elementor-widget-text-editor\" data-id=\"5a325bd\" data-element_type=\"widget\" data-e-type=\"widget\" data-widget_type=\"text-editor.default\">\n\t\t\t\t<div class=\"elementor-widget-container\">\n\t\t\t\t\t\t\t\t\t<p>Le concours offre aux designers l&#8217;occasion unique de s&#8217;engager dans une d\u00e9marche cr\u00e9ative en lien avec les enjeux de durabilit\u00e9. En se concentrant sur la production de bouteilles en verre blanc, les participants sont invit\u00e9s \u00e0 imaginer des cr\u00e9ations qui exploitent la transparence et la puret\u00e9 de ce mat\u00e9riau. La 16\u00e8me \u00e9dition des Verallia Design Awards met en avant l&#8217;importance de l&#8217;innovation en incitant les \u00e9tudiants \u00e0 lier le th\u00e8me cr\u00e9atif \u00e0 un enjeu industriel actuel, tout en contribuant \u00e0 une r\u00e9flexion collective sur l&#8217;avenir de l&#8217;emballage en verre.<\/p>\t\t\t\t\t\t\t\t<\/div>\n\t\t\t\t<\/div>\n\t\t\t\t<div class=\"elementor-element elementor-element-5757a3f elementor-widget elementor-widget-spacer\" data-id=\"5757a3f\" data-element_type=\"widget\" data-e-type=\"widget\" data-widget_type=\"spacer.default\">\n\t\t\t\t<div class=\"elementor-widget-container\">\n\t\t\t\t\t\t\t<div class=\"elementor-spacer\">\n\t\t\t<div class=\"elementor-spacer-inner\"><\/div>\n\t\t<\/div>\n\t\t\t\t\t\t<\/div>\n\t\t\t\t<\/div>\n\t\t\t\t<div class=\"elementor-element elementor-element-2d16ce8 elementor-widget elementor-widget-button\" data-id=\"2d16ce8\" data-element_type=\"widget\" data-e-type=\"widget\" data-widget_type=\"button.default\">\n\t\t\t\t<div class=\"elementor-widget-container\">\n\t\t\t\t\t\t\t\t\t<div class=\"elementor-button-wrapper\">\n\t\t\t\t\t<a class=\"elementor-button elementor-button-link elementor-size-sm\" href=\"https:\/\/www.verallia.com\/communique-de-presse\/inauguration-four-electrique-cognac\/\">\n\t\t\t\t\t\t<span class=\"elementor-button-content-wrapper\">\n\t\t\t\t\t\t\t\t\t<span class=\"elementor-button-text\">En savoir plus<\/span>\n\t\t\t\t\t<\/span>\n\t\t\t\t\t<\/a>\n\t\t\t\t<\/div>\n\t\t\t\t\t\t\t\t<\/div>\n\t\t\t\t<\/div>\n\t\t\t\t\t<\/div>\n\t\t\t\t<\/div>\n\t\t\t\t\t<\/div>\n\t\t\t\t<\/div>\n\t\t\t\t<\/div>\n\t\t","protected":false},"excerpt":{"rendered":"<p>Cette ann\u00e9e, les Verallia Design Awards mettent en lumi\u00e8re une innovation majeure : le premier four 100% \u00e9l\u00e9ctrique, offrant aux designers l&#8217;opportunit\u00e9 de r\u00e9inventer le verre blanc sous un angle durable et cr\u00e9atif. Un engagement pour l&#8217;avenir Pour cette \u00e9dition 2025, les Verallia Design Awards lient le th\u00e8me cr\u00e9atif \u00e0 un enjeu industriel actuel : [&hellip;]<\/p>\n","protected":false},"author":4215,"featured_media":99355,"comment_status":"closed","ping_status":"closed","sticky":false,"template":"","format":"standard","meta":{"_acf_changed":false,"footnotes":""},"categories":[23],"tags":[],"class_list":["post-41608","post","type-post","status-publish","format-standard","has-post-thumbnail","hentry","category-verallia"],"acf":[],"yoast_head":"<!-- This site is optimized with the Yoast SEO plugin v27.3 - https:\/\/yoast.com\/product\/yoast-seo-wordpress\/ -->\n<title>L&#039;innovation au c\u0153ur de cette \u00e9dition : Le four 100% \u00e9lectrique, moteur du renouveau cr\u00e9atif - Verallia Design Awards<\/title>\n<meta name=\"robots\" content=\"index, follow, max-snippet:-1, max-image-preview:large, max-video-preview:-1\" \/>\n<link rel=\"canonical\" href=\"https:\/\/design.awards.verallia.fr\/fr\/linnovation-au-coeur-de-cette-edition-le-four-100-electrique-moteur-du-renouveau-creatif\/\" \/>\n<meta property=\"og:locale\" content=\"fr_FR\" \/>\n<meta property=\"og:type\" content=\"article\" \/>\n<meta property=\"og:title\" content=\"L&#039;innovation au c\u0153ur de cette \u00e9dition : Le four 100% \u00e9lectrique, moteur du renouveau cr\u00e9atif - Verallia Design Awards\" \/>\n<meta property=\"og:description\" content=\"Cette ann\u00e9e, les Verallia Design Awards mettent en lumi\u00e8re une innovation majeure : le premier four 100% \u00e9l\u00e9ctrique, offrant aux designers l&#8217;opportunit\u00e9 de r\u00e9inventer le verre blanc sous un angle durable et cr\u00e9atif. Un engagement pour l&#8217;avenir Pour cette \u00e9dition 2025, les Verallia Design Awards lient le th\u00e8me cr\u00e9atif \u00e0 un enjeu industriel actuel : [&hellip;]\" \/>\n<meta property=\"og:url\" content=\"https:\/\/design.awards.verallia.fr\/fr\/linnovation-au-coeur-de-cette-edition-le-four-100-electrique-moteur-du-renouveau-creatif\/\" \/>\n<meta property=\"og:site_name\" content=\"Verallia Design Awards\" \/>\n<meta property=\"article:published_time\" content=\"2024-10-03T07:27:47+00:00\" \/>\n<meta property=\"article:modified_time\" content=\"2026-01-23T10:07:55+00:00\" \/>\n<meta property=\"og:image\" content=\"https:\/\/design.awards.verallia.fr\/wp-content\/uploads\/2024\/10\/verallia-cognac-electric-furnace-inauguration-thumbnail-01-1024x683-1.jpg\" \/>\n\t<meta property=\"og:image:width\" content=\"1024\" \/>\n\t<meta property=\"og:image:height\" content=\"683\" \/>\n\t<meta property=\"og:image:type\" content=\"image\/jpeg\" \/>\n<meta name=\"twitter:card\" content=\"summary_large_image\" \/>\n<meta name=\"twitter:label1\" content=\"\u00c9crit par\" \/>\n\t<meta name=\"twitter:data1\" content=\"\" \/>\n\t<meta name=\"twitter:label2\" content=\"Dur\u00e9e de lecture estim\u00e9e\" \/>\n\t<meta name=\"twitter:data2\" content=\"2 minutes\" \/>\n<script type=\"application\/ld+json\" class=\"yoast-schema-graph\">{\"@context\":\"https:\\\/\\\/schema.org\",\"@graph\":[{\"@type\":\"Article\",\"@id\":\"https:\\\/\\\/design.awards.verallia.fr\\\/fr\\\/linnovation-au-coeur-de-cette-edition-le-four-100-electrique-moteur-du-renouveau-creatif\\\/#article\",\"isPartOf\":{\"@id\":\"https:\\\/\\\/design.awards.verallia.fr\\\/fr\\\/linnovation-au-coeur-de-cette-edition-le-four-100-electrique-moteur-du-renouveau-creatif\\\/\"},\"author\":{\"name\":\"\",\"@id\":\"\"},\"headline\":\"L&#8217;innovation au c\u0153ur de cette \u00e9dition : Le four 100% \u00e9lectrique, moteur du renouveau cr\u00e9atif\",\"datePublished\":\"2024-10-03T07:27:47+00:00\",\"dateModified\":\"2026-01-23T10:07:55+00:00\",\"mainEntityOfPage\":{\"@id\":\"https:\\\/\\\/design.awards.verallia.fr\\\/fr\\\/linnovation-au-coeur-de-cette-edition-le-four-100-electrique-moteur-du-renouveau-creatif\\\/\"},\"wordCount\":258,\"publisher\":{\"@id\":\"https:\\\/\\\/design.awards.verallia.fr\\\/fr\\\/#organization\"},\"image\":{\"@id\":\"https:\\\/\\\/design.awards.verallia.fr\\\/fr\\\/linnovation-au-coeur-de-cette-edition-le-four-100-electrique-moteur-du-renouveau-creatif\\\/#primaryimage\"},\"thumbnailUrl\":\"https:\\\/\\\/design.awards.verallia.fr\\\/wp-content\\\/uploads\\\/2024\\\/10\\\/verallia-cognac-electric-furnace-inauguration-thumbnail-01-1024x683-1.jpg\",\"articleSection\":[\"Verallia\"],\"inLanguage\":\"fr-FR\"},{\"@type\":\"WebPage\",\"@id\":\"https:\\\/\\\/design.awards.verallia.fr\\\/fr\\\/linnovation-au-coeur-de-cette-edition-le-four-100-electrique-moteur-du-renouveau-creatif\\\/\",\"url\":\"https:\\\/\\\/design.awards.verallia.fr\\\/fr\\\/linnovation-au-coeur-de-cette-edition-le-four-100-electrique-moteur-du-renouveau-creatif\\\/\",\"name\":\"L'innovation au c\u0153ur de cette \u00e9dition : Le four 100% \u00e9lectrique, moteur du renouveau cr\u00e9atif - Verallia Design Awards\",\"isPartOf\":{\"@id\":\"https:\\\/\\\/design.awards.verallia.fr\\\/fr\\\/#website\"},\"primaryImageOfPage\":{\"@id\":\"https:\\\/\\\/design.awards.verallia.fr\\\/fr\\\/linnovation-au-coeur-de-cette-edition-le-four-100-electrique-moteur-du-renouveau-creatif\\\/#primaryimage\"},\"image\":{\"@id\":\"https:\\\/\\\/design.awards.verallia.fr\\\/fr\\\/linnovation-au-coeur-de-cette-edition-le-four-100-electrique-moteur-du-renouveau-creatif\\\/#primaryimage\"},\"thumbnailUrl\":\"https:\\\/\\\/design.awards.verallia.fr\\\/wp-content\\\/uploads\\\/2024\\\/10\\\/verallia-cognac-electric-furnace-inauguration-thumbnail-01-1024x683-1.jpg\",\"datePublished\":\"2024-10-03T07:27:47+00:00\",\"dateModified\":\"2026-01-23T10:07:55+00:00\",\"breadcrumb\":{\"@id\":\"https:\\\/\\\/design.awards.verallia.fr\\\/fr\\\/linnovation-au-coeur-de-cette-edition-le-four-100-electrique-moteur-du-renouveau-creatif\\\/#breadcrumb\"},\"inLanguage\":\"fr-FR\",\"potentialAction\":[{\"@type\":\"ReadAction\",\"target\":[\"https:\\\/\\\/design.awards.verallia.fr\\\/fr\\\/linnovation-au-coeur-de-cette-edition-le-four-100-electrique-moteur-du-renouveau-creatif\\\/\"]}]},{\"@type\":\"ImageObject\",\"inLanguage\":\"fr-FR\",\"@id\":\"https:\\\/\\\/design.awards.verallia.fr\\\/fr\\\/linnovation-au-coeur-de-cette-edition-le-four-100-electrique-moteur-du-renouveau-creatif\\\/#primaryimage\",\"url\":\"https:\\\/\\\/design.awards.verallia.fr\\\/wp-content\\\/uploads\\\/2024\\\/10\\\/verallia-cognac-electric-furnace-inauguration-thumbnail-01-1024x683-1.jpg\",\"contentUrl\":\"https:\\\/\\\/design.awards.verallia.fr\\\/wp-content\\\/uploads\\\/2024\\\/10\\\/verallia-cognac-electric-furnace-inauguration-thumbnail-01-1024x683-1.jpg\",\"width\":1024,\"height\":683},{\"@type\":\"BreadcrumbList\",\"@id\":\"https:\\\/\\\/design.awards.verallia.fr\\\/fr\\\/linnovation-au-coeur-de-cette-edition-le-four-100-electrique-moteur-du-renouveau-creatif\\\/#breadcrumb\",\"itemListElement\":[{\"@type\":\"ListItem\",\"position\":1,\"name\":\"Accueil\",\"item\":\"https:\\\/\\\/design.awards.verallia.fr\\\/fr\\\/\"},{\"@type\":\"ListItem\",\"position\":2,\"name\":\"L&#8217;innovation au c\u0153ur de cette \u00e9dition : Le four 100% \u00e9lectrique, moteur du renouveau cr\u00e9atif\"}]},{\"@type\":\"WebSite\",\"@id\":\"https:\\\/\\\/design.awards.verallia.fr\\\/fr\\\/#website\",\"url\":\"https:\\\/\\\/design.awards.verallia.fr\\\/fr\\\/\",\"name\":\"Verallia Design Awards\",\"description\":\"Verallia Design Award, le concours de design du packaging en verre\",\"publisher\":{\"@id\":\"https:\\\/\\\/design.awards.verallia.fr\\\/fr\\\/#organization\"},\"potentialAction\":[{\"@type\":\"SearchAction\",\"target\":{\"@type\":\"EntryPoint\",\"urlTemplate\":\"https:\\\/\\\/design.awards.verallia.fr\\\/fr\\\/?s={search_term_string}\"},\"query-input\":{\"@type\":\"PropertyValueSpecification\",\"valueRequired\":true,\"valueName\":\"search_term_string\"}}],\"inLanguage\":\"fr-FR\"},{\"@type\":\"Organization\",\"@id\":\"https:\\\/\\\/design.awards.verallia.fr\\\/fr\\\/#organization\",\"name\":\"Verallia Design Awards\",\"url\":\"https:\\\/\\\/design.awards.verallia.fr\\\/fr\\\/\",\"logo\":{\"@type\":\"ImageObject\",\"inLanguage\":\"fr-FR\",\"@id\":\"https:\\\/\\\/design.awards.verallia.fr\\\/fr\\\/#\\\/schema\\\/logo\\\/image\\\/\",\"url\":\"https:\\\/\\\/design.awards.verallia.fr\\\/wp-content\\\/uploads\\\/2023\\\/05\\\/logo-small.png\",\"contentUrl\":\"https:\\\/\\\/design.awards.verallia.fr\\\/wp-content\\\/uploads\\\/2023\\\/05\\\/logo-small.png\",\"width\":198,\"height\":117,\"caption\":\"Verallia Design Awards\"},\"image\":{\"@id\":\"https:\\\/\\\/design.awards.verallia.fr\\\/fr\\\/#\\\/schema\\\/logo\\\/image\\\/\"}},{\"@type\":\"Person\",\"@id\":\"\",\"url\":\"https:\\\/\\\/design.awards.verallia.fr\"}]}<\/script>\n<!-- \/ Yoast SEO plugin. -->","yoast_head_json":{"title":"L'innovation au c\u0153ur de cette \u00e9dition : Le four 100% \u00e9lectrique, moteur du renouveau cr\u00e9atif - Verallia Design Awards","robots":{"index":"index","follow":"follow","max-snippet":"max-snippet:-1","max-image-preview":"max-image-preview:large","max-video-preview":"max-video-preview:-1"},"canonical":"https:\/\/design.awards.verallia.fr\/fr\/linnovation-au-coeur-de-cette-edition-le-four-100-electrique-moteur-du-renouveau-creatif\/","og_locale":"fr_FR","og_type":"article","og_title":"L'innovation au c\u0153ur de cette \u00e9dition : Le four 100% \u00e9lectrique, moteur du renouveau cr\u00e9atif - Verallia Design Awards","og_description":"Cette ann\u00e9e, les Verallia Design Awards mettent en lumi\u00e8re une innovation majeure : le premier four 100% \u00e9l\u00e9ctrique, offrant aux designers l&#8217;opportunit\u00e9 de r\u00e9inventer le verre blanc sous un angle durable et cr\u00e9atif. Un engagement pour l&#8217;avenir Pour cette \u00e9dition 2025, les Verallia Design Awards lient le th\u00e8me cr\u00e9atif \u00e0 un enjeu industriel actuel : [&hellip;]","og_url":"https:\/\/design.awards.verallia.fr\/fr\/linnovation-au-coeur-de-cette-edition-le-four-100-electrique-moteur-du-renouveau-creatif\/","og_site_name":"Verallia Design Awards","article_published_time":"2024-10-03T07:27:47+00:00","article_modified_time":"2026-01-23T10:07:55+00:00","og_image":[{"width":1024,"height":683,"url":"https:\/\/design.awards.verallia.fr\/wp-content\/uploads\/2024\/10\/verallia-cognac-electric-furnace-inauguration-thumbnail-01-1024x683-1.jpg","type":"image\/jpeg"}],"twitter_card":"summary_large_image","twitter_misc":{"\u00c9crit par":"","Dur\u00e9e de lecture estim\u00e9e":"2 minutes"},"schema":{"@context":"https:\/\/schema.org","@graph":[{"@type":"Article","@id":"https:\/\/design.awards.verallia.fr\/fr\/linnovation-au-coeur-de-cette-edition-le-four-100-electrique-moteur-du-renouveau-creatif\/#article","isPartOf":{"@id":"https:\/\/design.awards.verallia.fr\/fr\/linnovation-au-coeur-de-cette-edition-le-four-100-electrique-moteur-du-renouveau-creatif\/"},"author":{"name":"","@id":""},"headline":"L&#8217;innovation au c\u0153ur de cette \u00e9dition : Le four 100% \u00e9lectrique, moteur du renouveau cr\u00e9atif","datePublished":"2024-10-03T07:27:47+00:00","dateModified":"2026-01-23T10:07:55+00:00","mainEntityOfPage":{"@id":"https:\/\/design.awards.verallia.fr\/fr\/linnovation-au-coeur-de-cette-edition-le-four-100-electrique-moteur-du-renouveau-creatif\/"},"wordCount":258,"publisher":{"@id":"https:\/\/design.awards.verallia.fr\/fr\/#organization"},"image":{"@id":"https:\/\/design.awards.verallia.fr\/fr\/linnovation-au-coeur-de-cette-edition-le-four-100-electrique-moteur-du-renouveau-creatif\/#primaryimage"},"thumbnailUrl":"https:\/\/design.awards.verallia.fr\/wp-content\/uploads\/2024\/10\/verallia-cognac-electric-furnace-inauguration-thumbnail-01-1024x683-1.jpg","articleSection":["Verallia"],"inLanguage":"fr-FR"},{"@type":"WebPage","@id":"https:\/\/design.awards.verallia.fr\/fr\/linnovation-au-coeur-de-cette-edition-le-four-100-electrique-moteur-du-renouveau-creatif\/","url":"https:\/\/design.awards.verallia.fr\/fr\/linnovation-au-coeur-de-cette-edition-le-four-100-electrique-moteur-du-renouveau-creatif\/","name":"L'innovation au c\u0153ur de cette \u00e9dition : Le four 100% \u00e9lectrique, moteur du renouveau cr\u00e9atif - Verallia Design Awards","isPartOf":{"@id":"https:\/\/design.awards.verallia.fr\/fr\/#website"},"primaryImageOfPage":{"@id":"https:\/\/design.awards.verallia.fr\/fr\/linnovation-au-coeur-de-cette-edition-le-four-100-electrique-moteur-du-renouveau-creatif\/#primaryimage"},"image":{"@id":"https:\/\/design.awards.verallia.fr\/fr\/linnovation-au-coeur-de-cette-edition-le-four-100-electrique-moteur-du-renouveau-creatif\/#primaryimage"},"thumbnailUrl":"https:\/\/design.awards.verallia.fr\/wp-content\/uploads\/2024\/10\/verallia-cognac-electric-furnace-inauguration-thumbnail-01-1024x683-1.jpg","datePublished":"2024-10-03T07:27:47+00:00","dateModified":"2026-01-23T10:07:55+00:00","breadcrumb":{"@id":"https:\/\/design.awards.verallia.fr\/fr\/linnovation-au-coeur-de-cette-edition-le-four-100-electrique-moteur-du-renouveau-creatif\/#breadcrumb"},"inLanguage":"fr-FR","potentialAction":[{"@type":"ReadAction","target":["https:\/\/design.awards.verallia.fr\/fr\/linnovation-au-coeur-de-cette-edition-le-four-100-electrique-moteur-du-renouveau-creatif\/"]}]},{"@type":"ImageObject","inLanguage":"fr-FR","@id":"https:\/\/design.awards.verallia.fr\/fr\/linnovation-au-coeur-de-cette-edition-le-four-100-electrique-moteur-du-renouveau-creatif\/#primaryimage","url":"https:\/\/design.awards.verallia.fr\/wp-content\/uploads\/2024\/10\/verallia-cognac-electric-furnace-inauguration-thumbnail-01-1024x683-1.jpg","contentUrl":"https:\/\/design.awards.verallia.fr\/wp-content\/uploads\/2024\/10\/verallia-cognac-electric-furnace-inauguration-thumbnail-01-1024x683-1.jpg","width":1024,"height":683},{"@type":"BreadcrumbList","@id":"https:\/\/design.awards.verallia.fr\/fr\/linnovation-au-coeur-de-cette-edition-le-four-100-electrique-moteur-du-renouveau-creatif\/#breadcrumb","itemListElement":[{"@type":"ListItem","position":1,"name":"Accueil","item":"https:\/\/design.awards.verallia.fr\/fr\/"},{"@type":"ListItem","position":2,"name":"L&#8217;innovation au c\u0153ur de cette \u00e9dition : Le four 100% \u00e9lectrique, moteur du renouveau cr\u00e9atif"}]},{"@type":"WebSite","@id":"https:\/\/design.awards.verallia.fr\/fr\/#website","url":"https:\/\/design.awards.verallia.fr\/fr\/","name":"Verallia Design Awards","description":"Verallia Design Award, le concours de design du packaging en verre","publisher":{"@id":"https:\/\/design.awards.verallia.fr\/fr\/#organization"},"potentialAction":[{"@type":"SearchAction","target":{"@type":"EntryPoint","urlTemplate":"https:\/\/design.awards.verallia.fr\/fr\/?s={search_term_string}"},"query-input":{"@type":"PropertyValueSpecification","valueRequired":true,"valueName":"search_term_string"}}],"inLanguage":"fr-FR"},{"@type":"Organization","@id":"https:\/\/design.awards.verallia.fr\/fr\/#organization","name":"Verallia Design Awards","url":"https:\/\/design.awards.verallia.fr\/fr\/","logo":{"@type":"ImageObject","inLanguage":"fr-FR","@id":"https:\/\/design.awards.verallia.fr\/fr\/#\/schema\/logo\/image\/","url":"https:\/\/design.awards.verallia.fr\/wp-content\/uploads\/2023\/05\/logo-small.png","contentUrl":"https:\/\/design.awards.verallia.fr\/wp-content\/uploads\/2023\/05\/logo-small.png","width":198,"height":117,"caption":"Verallia Design Awards"},"image":{"@id":"https:\/\/design.awards.verallia.fr\/fr\/#\/schema\/logo\/image\/"}},{"@type":"Person","@id":"","url":"https:\/\/design.awards.verallia.fr"}]}},"_links":{"self":[{"href":"https:\/\/design.awards.verallia.fr\/fr\/wp-json\/wp\/v2\/posts\/41608","targetHints":{"allow":["GET"]}}],"collection":[{"href":"https:\/\/design.awards.verallia.fr\/fr\/wp-json\/wp\/v2\/posts"}],"about":[{"href":"https:\/\/design.awards.verallia.fr\/fr\/wp-json\/wp\/v2\/types\/post"}],"author":[{"embeddable":true,"href":"https:\/\/design.awards.verallia.fr\/fr\/wp-json\/wp\/v2\/users\/4215"}],"replies":[{"embeddable":true,"href":"https:\/\/design.awards.verallia.fr\/fr\/wp-json\/wp\/v2\/comments?post=41608"}],"version-history":[{"count":4,"href":"https:\/\/design.awards.verallia.fr\/fr\/wp-json\/wp\/v2\/posts\/41608\/revisions"}],"predecessor-version":[{"id":99359,"href":"https:\/\/design.awards.verallia.fr\/fr\/wp-json\/wp\/v2\/posts\/41608\/revisions\/99359"}],"wp:featuredmedia":[{"embeddable":true,"href":"https:\/\/design.awards.verallia.fr\/fr\/wp-json\/wp\/v2\/media\/99355"}],"wp:attachment":[{"href":"https:\/\/design.awards.verallia.fr\/fr\/wp-json\/wp\/v2\/media?parent=41608"}],"wp:term":[{"taxonomy":"category","embeddable":true,"href":"https:\/\/design.awards.verallia.fr\/fr\/wp-json\/wp\/v2\/categories?post=41608"},{"taxonomy":"post_tag","embeddable":true,"href":"https:\/\/design.awards.verallia.fr\/fr\/wp-json\/wp\/v2\/tags?post=41608"}],"curies":[{"name":"wp","href":"https:\/\/api.w.org\/{rel}","templated":true}]}}