{"id":42384,"date":"2024-12-11T14:30:18","date_gmt":"2024-12-11T13:30:18","guid":{"rendered":"https:\/\/design.awards.verallia.fr\/?p=42384"},"modified":"2026-01-23T11:00:44","modified_gmt":"2026-01-23T10:00:44","slug":"une-marraine-inspirante-pour-une-edition-petillante","status":"publish","type":"post","link":"https:\/\/design.awards.verallia.fr\/fr\/une-marraine-inspirante-pour-une-edition-petillante\/","title":{"rendered":"Une marraine inspirante pour une \u00e9dition p\u00e9tillante"},"content":{"rendered":"\t\t<div data-elementor-type=\"wp-post\" data-elementor-id=\"42384\" class=\"elementor elementor-42384\" data-elementor-post-type=\"post\">\n\t\t\t\t<div class=\"elementor-element elementor-element-c54ce5c e-flex e-con-boxed e-con e-parent\" data-id=\"c54ce5c\" data-element_type=\"container\" data-e-type=\"container\">\n\t\t\t\t\t<div class=\"e-con-inner\">\n\t\t<div class=\"elementor-element elementor-element-f8bbbc7 e-flex e-con-boxed e-con e-child\" data-id=\"f8bbbc7\" data-element_type=\"container\" data-e-type=\"container\">\n\t\t\t\t\t<div class=\"e-con-inner\">\n\t\t\t\t<div class=\"elementor-element elementor-element-8f3afdd elementor-widget elementor-widget-text-editor\" data-id=\"8f3afdd\" data-element_type=\"widget\" data-e-type=\"widget\" data-widget_type=\"text-editor.default\">\n\t\t\t\t<div class=\"elementor-widget-container\">\n\t\t\t\t\t\t\t\t\t<h5><b>Pr\u00e9parez-vous \u00e0 \u00eatre inspir\u00e9s ! La 16\u00e8me \u00e9dition des <a href=\"https:\/\/design.awards.verallia.fr\/fr\/le-concours-2025\/\">Verallia Design Awards<\/a> accueille une marraine exceptionnelle : <a href=\"https:\/\/www.linkedin.com\/in\/sylvieamar\/\">Sylvie Amar<\/a>, omnidesigner\u00a9 de renom et v\u00e9ritable virtuose du design.<\/b><\/h5>\t\t\t\t\t\t\t\t<\/div>\n\t\t\t\t<\/div>\n\t\t\t\t<div class=\"elementor-element elementor-element-4501d47 elementor-widget elementor-widget-spacer\" data-id=\"4501d47\" data-element_type=\"widget\" data-e-type=\"widget\" data-widget_type=\"spacer.default\">\n\t\t\t\t<div class=\"elementor-widget-container\">\n\t\t\t\t\t\t\t<div class=\"elementor-spacer\">\n\t\t\t<div class=\"elementor-spacer-inner\"><\/div>\n\t\t<\/div>\n\t\t\t\t\t\t<\/div>\n\t\t\t\t<\/div>\n\t\t\t\t\t<\/div>\n\t\t\t\t<\/div>\n\t\t\t\t\t<\/div>\n\t\t\t\t<\/div>\n\t\t<div class=\"elementor-element elementor-element-867009c e-flex e-con-boxed e-con e-parent\" data-id=\"867009c\" data-element_type=\"container\" data-e-type=\"container\">\n\t\t\t\t\t<div class=\"e-con-inner\">\n\t\t<div class=\"elementor-element elementor-element-8c35a3f e-flex e-con-boxed e-con e-child\" data-id=\"8c35a3f\" data-element_type=\"container\" data-e-type=\"container\">\n\t\t\t\t\t<div class=\"e-con-inner\">\n\t\t\t\t<div class=\"elementor-element elementor-element-bf18269 elementor-widget elementor-widget-text-editor\" data-id=\"bf18269\" data-element_type=\"widget\" data-e-type=\"widget\" data-widget_type=\"text-editor.default\">\n\t\t\t\t<div class=\"elementor-widget-container\">\n\t\t\t\t\t\t\t\t\t<h5>Une cr\u00e9atrice multi-talents<\/h5>\t\t\t\t\t\t\t\t<\/div>\n\t\t\t\t<\/div>\n\t\t\t\t<div class=\"elementor-element elementor-element-6a87d7b elementor-widget elementor-widget-text-editor\" data-id=\"6a87d7b\" data-element_type=\"widget\" data-e-type=\"widget\" data-widget_type=\"text-editor.default\">\n\t\t\t\t<div class=\"elementor-widget-container\">\n\t\t\t\t\t\t\t\t\t<p>Sylvie Amar, dipl\u00f4m\u00e9e de l\u2019ENSCI (\u00c9cole Nationale Sup\u00e9rieure de Cr\u00e9ation Industrielle), est une cr\u00e9atrice <b>multi-talents<\/b>, sensible, curieuse et exigeante. En 1997, elle fonde son<b> agence de design global<\/b>,\u00a0<a href=\"https:\/\/www.fooddesign.pro\/\" target=\"_blank\" rel=\"noopener\">Food Design<\/a>, sp\u00e9cialis\u00e9e dans l&#8217;art de vivre et la gastronomie. Son style \u00e9pur\u00e9 et \u00e9l\u00e9gant lui a rapidement ouvert les portes des plus<b> grands chefs cuisiniers fran\u00e7ais<\/b>, comme Pierre Gagnaire, Olivier R\u0153llinger, Jean-Georges Von Guerichten et Jean-Michel Lorain.<\/p><p>Aujourd\u2019hui, Sylvie Amar apporte des <b>id\u00e9es cr\u00e9atives<\/b> et une <b>vision strat\u00e9gique<\/b> pour les m\u00e9tiers de bouche, l\u2019agriculture, l\u2019agro-alimentaire et l\u2019hospitality. Elle incarne les marques pour lesquelles elle travaille \u00e0 travers le design produit, la sc\u00e9nographie, le concept retail, la strat\u00e9gie de marque, le branding, le packaging et la communication. Pour en savoir plus sur son parcours et ses r\u00e9alisations, visitez son site officiel.<\/p>\t\t\t\t\t\t\t\t<\/div>\n\t\t\t\t<\/div>\n\t\t\t\t<div class=\"elementor-element elementor-element-8d418a6 elementor-align-center elementor-widget elementor-widget-button\" data-id=\"8d418a6\" data-element_type=\"widget\" data-e-type=\"widget\" data-widget_type=\"button.default\">\n\t\t\t\t<div class=\"elementor-widget-container\">\n\t\t\t\t\t\t\t\t\t<div class=\"elementor-button-wrapper\">\n\t\t\t\t\t<a class=\"elementor-button elementor-button-link elementor-size-sm\" href=\"https:\/\/www.fooddesign.pro\/\">\n\t\t\t\t\t\t<span class=\"elementor-button-content-wrapper\">\n\t\t\t\t\t\t\t\t\t<span class=\"elementor-button-text\">D\u00e9couvrez l'univers de Food Design<\/span>\n\t\t\t\t\t<\/span>\n\t\t\t\t\t<\/a>\n\t\t\t\t<\/div>\n\t\t\t\t\t\t\t\t<\/div>\n\t\t\t\t<\/div>\n\t\t\t\t<div class=\"elementor-element elementor-element-845aa55 elementor-widget elementor-widget-spacer\" data-id=\"845aa55\" data-element_type=\"widget\" data-e-type=\"widget\" data-widget_type=\"spacer.default\">\n\t\t\t\t<div class=\"elementor-widget-container\">\n\t\t\t\t\t\t\t<div class=\"elementor-spacer\">\n\t\t\t<div class=\"elementor-spacer-inner\"><\/div>\n\t\t<\/div>\n\t\t\t\t\t\t<\/div>\n\t\t\t\t<\/div>\n\t\t\t\t<div class=\"elementor-element elementor-element-0f6ed34 elementor-widget elementor-widget-text-editor\" data-id=\"0f6ed34\" data-element_type=\"widget\" data-e-type=\"widget\" data-widget_type=\"text-editor.default\">\n\t\t\t\t<div class=\"elementor-widget-container\">\n\t\t\t\t\t\t\t\t\t<h5>De jur\u00e9e \u00e0 marraine, un engagement continu<\/h5>\t\t\t\t\t\t\t\t<\/div>\n\t\t\t\t<\/div>\n\t\t\t\t<div class=\"elementor-element elementor-element-49f9738 elementor-widget elementor-widget-text-editor\" data-id=\"49f9738\" data-element_type=\"widget\" data-e-type=\"widget\" data-widget_type=\"text-editor.default\">\n\t\t\t\t<div class=\"elementor-widget-container\">\n\t\t\t\t\t\t\t\t\t<p>D\u00e9j\u00e0<b> jur\u00e9e du concours en 2017<\/b>, Sylvie Amar revient cette ann\u00e9e pour <b>guider <\/b>et <b>inspirer <\/b>les participants. Elle se dit honor\u00e9e d\u2019endosser ce r\u00f4le :<\/p><p>\u201cLe concours Verallia a toujours \u00e9t\u00e9 le plus r\u00e9aliste des concours de design, c\u2019est une v\u00e9ritable p\u00e9pite du design industriel et une tr\u00e8s belle vitrine pour notre m\u00e9tier. La marque Verallia s\u2019est toujours donn\u00e9 les moyens d\u2019offrir aux \u00e9tudiants un vrai cas d\u2019\u00e9cole avec les contraintes et en partageant ses savoir-faire de verrier ; ce qui est extr\u00eamement rare. Je suis fi\u00e8re d\u2019\u00eatre la marraine pour cette \u00e9dition p\u00e9tillante et funky et je n\u2019ai que deux mots \u00e0 dire aux \u00e9tudiants : \u2018Be Bold!\u2019\u201d<\/p>\t\t\t\t\t\t\t\t<\/div>\n\t\t\t\t<\/div>\n\t\t\t\t<div class=\"elementor-element elementor-element-ef590bd elementor-widget elementor-widget-text-editor\" data-id=\"ef590bd\" data-element_type=\"widget\" data-e-type=\"widget\" data-widget_type=\"text-editor.default\">\n\t\t\t\t<div class=\"elementor-widget-container\">\n\t\t\t\t\t\t\t\t\t<h5>Une source d&#8217;inspiration pour les \u00e9tudiants<\/h5>\t\t\t\t\t\t\t\t<\/div>\n\t\t\t\t<\/div>\n\t\t\t\t<div class=\"elementor-element elementor-element-ad7873c elementor-widget elementor-widget-text-editor\" data-id=\"ad7873c\" data-element_type=\"widget\" data-e-type=\"widget\" data-widget_type=\"text-editor.default\">\n\t\t\t\t<div class=\"elementor-widget-container\">\n\t\t\t\t\t\t\t\t\t<p class=\"MsoPlainText\">En tant que marraine, Sylvie Amar apportera aux participants son <b>regard exigeant et bienveillant<\/b>, ainsi que son <b>exp\u00e9rience unique<\/b> dans l\u2019univers du design. Un <b>webinaire exclusif<\/b> sera organis\u00e9 le 8 janvier 2025 de 10h \u00e0 12h, une occasion \u00e0 ne pas manquer, au cours de laquelle Sylvie Amar partagera son <b>expertise et ses conseils<\/b> avec les participants.<\/p><p class=\"MsoPlainText\">Cette \u00e9dition, plac\u00e9e sous le signe du \u201c<a href=\"https:\/\/design.awards.verallia.fr\/fr\/le-concours-2025\/\" target=\"_blank\" rel=\"noopener\">Verre funky et durable<\/a>\u201d, promet de repousser les limites de la <b>cr\u00e9ativit\u00e9<\/b>, tout en valorisant <b>l\u2019innovation et la durabilit\u00e9.<\/b><\/p><p class=\"MsoPlainText\"><span style=\"color: var( --e-global-color-text ); font-family: var( --e-global-typography-text-font-family ), Sans-serif; font-size: var( --e-global-typography-text-font-size ); text-align: var(--text-align);\">\u00c9tudiants, pr\u00e9parez-vous \u00e0 \u00eatre inspir\u00e9s par une\u00a0<\/span><span style=\"color: var( --e-global-color-text ); font-family: var( --e-global-typography-text-font-family ), Sans-serif; font-size: var( --e-global-typography-text-font-size ); text-align: var(--text-align);\">professionnelle qui incarne la <strong>passion du design<\/strong> \u00e0 son plus haut niveau !<\/span><\/p>\t\t\t\t\t\t\t\t<\/div>\n\t\t\t\t<\/div>\n\t\t<div class=\"elementor-element elementor-element-a3a1ea8 e-flex e-con-boxed e-con e-child\" data-id=\"a3a1ea8\" data-element_type=\"container\" data-e-type=\"container\">\n\t\t\t\t\t<div class=\"e-con-inner\">\n\t\t\t\t\t<\/div>\n\t\t\t\t<\/div>\n\t\t<div class=\"elementor-element elementor-element-e9b456a e-flex e-con-boxed e-con e-child\" data-id=\"e9b456a\" data-element_type=\"container\" data-e-type=\"container\">\n\t\t\t\t\t<div class=\"e-con-inner\">\n\t\t\t\t\t<\/div>\n\t\t\t\t<\/div>\n\t\t\t\t\t<\/div>\n\t\t\t\t<\/div>\n\t\t\t\t\t<\/div>\n\t\t\t\t<\/div>\n\t\t\t\t<\/div>\n\t\t","protected":false},"excerpt":{"rendered":"<p>Pr\u00e9parez-vous \u00e0 \u00eatre inspir\u00e9s ! La 16\u00e8me \u00e9dition des Verallia Design Awards accueille une marraine exceptionnelle : Sylvie Amar, omnidesigner\u00a9 de renom et v\u00e9ritable virtuose du design. Une cr\u00e9atrice multi-talents Sylvie Amar, dipl\u00f4m\u00e9e de l\u2019ENSCI (\u00c9cole Nationale Sup\u00e9rieure de Cr\u00e9ation Industrielle), est une cr\u00e9atrice multi-talents, sensible, curieuse et exigeante. En 1997, elle fonde son agence [&hellip;]<\/p>\n","protected":false},"author":4215,"featured_media":99336,"comment_status":"closed","ping_status":"closed","sticky":false,"template":"","format":"standard","meta":{"_acf_changed":false,"footnotes":""},"categories":[23],"tags":[],"class_list":["post-42384","post","type-post","status-publish","format-standard","has-post-thumbnail","hentry","category-verallia"],"acf":[],"yoast_head":"<!-- This site is optimized with the Yoast SEO plugin v27.3 - https:\/\/yoast.com\/product\/yoast-seo-wordpress\/ -->\n<title>Une marraine inspirante pour une \u00e9dition p\u00e9tillante - Verallia Design Awards<\/title>\n<meta name=\"robots\" content=\"index, follow, max-snippet:-1, max-image-preview:large, max-video-preview:-1\" \/>\n<link rel=\"canonical\" href=\"https:\/\/design.awards.verallia.fr\/fr\/une-marraine-inspirante-pour-une-edition-petillante\/\" \/>\n<meta property=\"og:locale\" content=\"fr_FR\" \/>\n<meta property=\"og:type\" content=\"article\" \/>\n<meta property=\"og:title\" content=\"Une marraine inspirante pour une \u00e9dition p\u00e9tillante - Verallia Design Awards\" \/>\n<meta property=\"og:description\" content=\"Pr\u00e9parez-vous \u00e0 \u00eatre inspir\u00e9s ! La 16\u00e8me \u00e9dition des Verallia Design Awards accueille une marraine exceptionnelle : Sylvie Amar, omnidesigner\u00a9 de renom et v\u00e9ritable virtuose du design. Une cr\u00e9atrice multi-talents Sylvie Amar, dipl\u00f4m\u00e9e de l\u2019ENSCI (\u00c9cole Nationale Sup\u00e9rieure de Cr\u00e9ation Industrielle), est une cr\u00e9atrice multi-talents, sensible, curieuse et exigeante. En 1997, elle fonde son agence [&hellip;]\" \/>\n<meta property=\"og:url\" content=\"https:\/\/design.awards.verallia.fr\/fr\/une-marraine-inspirante-pour-une-edition-petillante\/\" \/>\n<meta property=\"og:site_name\" content=\"Verallia Design Awards\" \/>\n<meta property=\"article:published_time\" content=\"2024-12-11T13:30:18+00:00\" \/>\n<meta property=\"article:modified_time\" content=\"2026-01-23T10:00:44+00:00\" \/>\n<meta property=\"og:image\" content=\"https:\/\/design.awards.verallia.fr\/wp-content\/uploads\/2024\/12\/portrait-amar-sylvie-871x1024-1.jpg\" \/>\n\t<meta property=\"og:image:width\" content=\"871\" \/>\n\t<meta property=\"og:image:height\" content=\"1024\" \/>\n\t<meta property=\"og:image:type\" content=\"image\/jpeg\" \/>\n<meta name=\"twitter:card\" content=\"summary_large_image\" \/>\n<meta name=\"twitter:label1\" content=\"\u00c9crit par\" \/>\n\t<meta name=\"twitter:data1\" content=\"\" \/>\n\t<meta name=\"twitter:label2\" content=\"Dur\u00e9e de lecture estim\u00e9e\" \/>\n\t<meta name=\"twitter:data2\" content=\"2 minutes\" \/>\n<script type=\"application\/ld+json\" class=\"yoast-schema-graph\">{\"@context\":\"https:\\\/\\\/schema.org\",\"@graph\":[{\"@type\":\"Article\",\"@id\":\"https:\\\/\\\/design.awards.verallia.fr\\\/fr\\\/une-marraine-inspirante-pour-une-edition-petillante\\\/#article\",\"isPartOf\":{\"@id\":\"https:\\\/\\\/design.awards.verallia.fr\\\/fr\\\/une-marraine-inspirante-pour-une-edition-petillante\\\/\"},\"author\":{\"name\":\"\",\"@id\":\"\"},\"headline\":\"Une marraine inspirante pour une \u00e9dition p\u00e9tillante\",\"datePublished\":\"2024-12-11T13:30:18+00:00\",\"dateModified\":\"2026-01-23T10:00:44+00:00\",\"mainEntityOfPage\":{\"@id\":\"https:\\\/\\\/design.awards.verallia.fr\\\/fr\\\/une-marraine-inspirante-pour-une-edition-petillante\\\/\"},\"wordCount\":437,\"publisher\":{\"@id\":\"https:\\\/\\\/design.awards.verallia.fr\\\/fr\\\/#organization\"},\"image\":{\"@id\":\"https:\\\/\\\/design.awards.verallia.fr\\\/fr\\\/une-marraine-inspirante-pour-une-edition-petillante\\\/#primaryimage\"},\"thumbnailUrl\":\"https:\\\/\\\/design.awards.verallia.fr\\\/wp-content\\\/uploads\\\/2024\\\/12\\\/portrait-amar-sylvie-871x1024-1.jpg\",\"articleSection\":[\"Verallia\"],\"inLanguage\":\"fr-FR\"},{\"@type\":\"WebPage\",\"@id\":\"https:\\\/\\\/design.awards.verallia.fr\\\/fr\\\/une-marraine-inspirante-pour-une-edition-petillante\\\/\",\"url\":\"https:\\\/\\\/design.awards.verallia.fr\\\/fr\\\/une-marraine-inspirante-pour-une-edition-petillante\\\/\",\"name\":\"Une marraine inspirante pour une \u00e9dition p\u00e9tillante - Verallia Design Awards\",\"isPartOf\":{\"@id\":\"https:\\\/\\\/design.awards.verallia.fr\\\/fr\\\/#website\"},\"primaryImageOfPage\":{\"@id\":\"https:\\\/\\\/design.awards.verallia.fr\\\/fr\\\/une-marraine-inspirante-pour-une-edition-petillante\\\/#primaryimage\"},\"image\":{\"@id\":\"https:\\\/\\\/design.awards.verallia.fr\\\/fr\\\/une-marraine-inspirante-pour-une-edition-petillante\\\/#primaryimage\"},\"thumbnailUrl\":\"https:\\\/\\\/design.awards.verallia.fr\\\/wp-content\\\/uploads\\\/2024\\\/12\\\/portrait-amar-sylvie-871x1024-1.jpg\",\"datePublished\":\"2024-12-11T13:30:18+00:00\",\"dateModified\":\"2026-01-23T10:00:44+00:00\",\"breadcrumb\":{\"@id\":\"https:\\\/\\\/design.awards.verallia.fr\\\/fr\\\/une-marraine-inspirante-pour-une-edition-petillante\\\/#breadcrumb\"},\"inLanguage\":\"fr-FR\",\"potentialAction\":[{\"@type\":\"ReadAction\",\"target\":[\"https:\\\/\\\/design.awards.verallia.fr\\\/fr\\\/une-marraine-inspirante-pour-une-edition-petillante\\\/\"]}]},{\"@type\":\"ImageObject\",\"inLanguage\":\"fr-FR\",\"@id\":\"https:\\\/\\\/design.awards.verallia.fr\\\/fr\\\/une-marraine-inspirante-pour-une-edition-petillante\\\/#primaryimage\",\"url\":\"https:\\\/\\\/design.awards.verallia.fr\\\/wp-content\\\/uploads\\\/2024\\\/12\\\/portrait-amar-sylvie-871x1024-1.jpg\",\"contentUrl\":\"https:\\\/\\\/design.awards.verallia.fr\\\/wp-content\\\/uploads\\\/2024\\\/12\\\/portrait-amar-sylvie-871x1024-1.jpg\",\"width\":871,\"height\":1024},{\"@type\":\"BreadcrumbList\",\"@id\":\"https:\\\/\\\/design.awards.verallia.fr\\\/fr\\\/une-marraine-inspirante-pour-une-edition-petillante\\\/#breadcrumb\",\"itemListElement\":[{\"@type\":\"ListItem\",\"position\":1,\"name\":\"Accueil\",\"item\":\"https:\\\/\\\/design.awards.verallia.fr\\\/fr\\\/\"},{\"@type\":\"ListItem\",\"position\":2,\"name\":\"Une marraine inspirante pour une \u00e9dition p\u00e9tillante\"}]},{\"@type\":\"WebSite\",\"@id\":\"https:\\\/\\\/design.awards.verallia.fr\\\/fr\\\/#website\",\"url\":\"https:\\\/\\\/design.awards.verallia.fr\\\/fr\\\/\",\"name\":\"Verallia Design Awards\",\"description\":\"Verallia Design Award, le concours de design du packaging en verre\",\"publisher\":{\"@id\":\"https:\\\/\\\/design.awards.verallia.fr\\\/fr\\\/#organization\"},\"potentialAction\":[{\"@type\":\"SearchAction\",\"target\":{\"@type\":\"EntryPoint\",\"urlTemplate\":\"https:\\\/\\\/design.awards.verallia.fr\\\/fr\\\/?s={search_term_string}\"},\"query-input\":{\"@type\":\"PropertyValueSpecification\",\"valueRequired\":true,\"valueName\":\"search_term_string\"}}],\"inLanguage\":\"fr-FR\"},{\"@type\":\"Organization\",\"@id\":\"https:\\\/\\\/design.awards.verallia.fr\\\/fr\\\/#organization\",\"name\":\"Verallia Design Awards\",\"url\":\"https:\\\/\\\/design.awards.verallia.fr\\\/fr\\\/\",\"logo\":{\"@type\":\"ImageObject\",\"inLanguage\":\"fr-FR\",\"@id\":\"https:\\\/\\\/design.awards.verallia.fr\\\/fr\\\/#\\\/schema\\\/logo\\\/image\\\/\",\"url\":\"https:\\\/\\\/design.awards.verallia.fr\\\/wp-content\\\/uploads\\\/2023\\\/05\\\/logo-small.png\",\"contentUrl\":\"https:\\\/\\\/design.awards.verallia.fr\\\/wp-content\\\/uploads\\\/2023\\\/05\\\/logo-small.png\",\"width\":198,\"height\":117,\"caption\":\"Verallia Design Awards\"},\"image\":{\"@id\":\"https:\\\/\\\/design.awards.verallia.fr\\\/fr\\\/#\\\/schema\\\/logo\\\/image\\\/\"}},{\"@type\":\"Person\",\"@id\":\"\",\"url\":\"https:\\\/\\\/design.awards.verallia.fr\"}]}<\/script>\n<!-- \/ Yoast SEO plugin. -->","yoast_head_json":{"title":"Une marraine inspirante pour une \u00e9dition p\u00e9tillante - Verallia Design Awards","robots":{"index":"index","follow":"follow","max-snippet":"max-snippet:-1","max-image-preview":"max-image-preview:large","max-video-preview":"max-video-preview:-1"},"canonical":"https:\/\/design.awards.verallia.fr\/fr\/une-marraine-inspirante-pour-une-edition-petillante\/","og_locale":"fr_FR","og_type":"article","og_title":"Une marraine inspirante pour une \u00e9dition p\u00e9tillante - Verallia Design Awards","og_description":"Pr\u00e9parez-vous \u00e0 \u00eatre inspir\u00e9s ! La 16\u00e8me \u00e9dition des Verallia Design Awards accueille une marraine exceptionnelle : Sylvie Amar, omnidesigner\u00a9 de renom et v\u00e9ritable virtuose du design. Une cr\u00e9atrice multi-talents Sylvie Amar, dipl\u00f4m\u00e9e de l\u2019ENSCI (\u00c9cole Nationale Sup\u00e9rieure de Cr\u00e9ation Industrielle), est une cr\u00e9atrice multi-talents, sensible, curieuse et exigeante. En 1997, elle fonde son agence [&hellip;]","og_url":"https:\/\/design.awards.verallia.fr\/fr\/une-marraine-inspirante-pour-une-edition-petillante\/","og_site_name":"Verallia Design Awards","article_published_time":"2024-12-11T13:30:18+00:00","article_modified_time":"2026-01-23T10:00:44+00:00","og_image":[{"width":871,"height":1024,"url":"https:\/\/design.awards.verallia.fr\/wp-content\/uploads\/2024\/12\/portrait-amar-sylvie-871x1024-1.jpg","type":"image\/jpeg"}],"twitter_card":"summary_large_image","twitter_misc":{"\u00c9crit par":"","Dur\u00e9e de lecture estim\u00e9e":"2 minutes"},"schema":{"@context":"https:\/\/schema.org","@graph":[{"@type":"Article","@id":"https:\/\/design.awards.verallia.fr\/fr\/une-marraine-inspirante-pour-une-edition-petillante\/#article","isPartOf":{"@id":"https:\/\/design.awards.verallia.fr\/fr\/une-marraine-inspirante-pour-une-edition-petillante\/"},"author":{"name":"","@id":""},"headline":"Une marraine inspirante pour une \u00e9dition p\u00e9tillante","datePublished":"2024-12-11T13:30:18+00:00","dateModified":"2026-01-23T10:00:44+00:00","mainEntityOfPage":{"@id":"https:\/\/design.awards.verallia.fr\/fr\/une-marraine-inspirante-pour-une-edition-petillante\/"},"wordCount":437,"publisher":{"@id":"https:\/\/design.awards.verallia.fr\/fr\/#organization"},"image":{"@id":"https:\/\/design.awards.verallia.fr\/fr\/une-marraine-inspirante-pour-une-edition-petillante\/#primaryimage"},"thumbnailUrl":"https:\/\/design.awards.verallia.fr\/wp-content\/uploads\/2024\/12\/portrait-amar-sylvie-871x1024-1.jpg","articleSection":["Verallia"],"inLanguage":"fr-FR"},{"@type":"WebPage","@id":"https:\/\/design.awards.verallia.fr\/fr\/une-marraine-inspirante-pour-une-edition-petillante\/","url":"https:\/\/design.awards.verallia.fr\/fr\/une-marraine-inspirante-pour-une-edition-petillante\/","name":"Une marraine inspirante pour une \u00e9dition p\u00e9tillante - Verallia Design Awards","isPartOf":{"@id":"https:\/\/design.awards.verallia.fr\/fr\/#website"},"primaryImageOfPage":{"@id":"https:\/\/design.awards.verallia.fr\/fr\/une-marraine-inspirante-pour-une-edition-petillante\/#primaryimage"},"image":{"@id":"https:\/\/design.awards.verallia.fr\/fr\/une-marraine-inspirante-pour-une-edition-petillante\/#primaryimage"},"thumbnailUrl":"https:\/\/design.awards.verallia.fr\/wp-content\/uploads\/2024\/12\/portrait-amar-sylvie-871x1024-1.jpg","datePublished":"2024-12-11T13:30:18+00:00","dateModified":"2026-01-23T10:00:44+00:00","breadcrumb":{"@id":"https:\/\/design.awards.verallia.fr\/fr\/une-marraine-inspirante-pour-une-edition-petillante\/#breadcrumb"},"inLanguage":"fr-FR","potentialAction":[{"@type":"ReadAction","target":["https:\/\/design.awards.verallia.fr\/fr\/une-marraine-inspirante-pour-une-edition-petillante\/"]}]},{"@type":"ImageObject","inLanguage":"fr-FR","@id":"https:\/\/design.awards.verallia.fr\/fr\/une-marraine-inspirante-pour-une-edition-petillante\/#primaryimage","url":"https:\/\/design.awards.verallia.fr\/wp-content\/uploads\/2024\/12\/portrait-amar-sylvie-871x1024-1.jpg","contentUrl":"https:\/\/design.awards.verallia.fr\/wp-content\/uploads\/2024\/12\/portrait-amar-sylvie-871x1024-1.jpg","width":871,"height":1024},{"@type":"BreadcrumbList","@id":"https:\/\/design.awards.verallia.fr\/fr\/une-marraine-inspirante-pour-une-edition-petillante\/#breadcrumb","itemListElement":[{"@type":"ListItem","position":1,"name":"Accueil","item":"https:\/\/design.awards.verallia.fr\/fr\/"},{"@type":"ListItem","position":2,"name":"Une marraine inspirante pour une \u00e9dition p\u00e9tillante"}]},{"@type":"WebSite","@id":"https:\/\/design.awards.verallia.fr\/fr\/#website","url":"https:\/\/design.awards.verallia.fr\/fr\/","name":"Verallia Design Awards","description":"Verallia Design Award, le concours de design du packaging en verre","publisher":{"@id":"https:\/\/design.awards.verallia.fr\/fr\/#organization"},"potentialAction":[{"@type":"SearchAction","target":{"@type":"EntryPoint","urlTemplate":"https:\/\/design.awards.verallia.fr\/fr\/?s={search_term_string}"},"query-input":{"@type":"PropertyValueSpecification","valueRequired":true,"valueName":"search_term_string"}}],"inLanguage":"fr-FR"},{"@type":"Organization","@id":"https:\/\/design.awards.verallia.fr\/fr\/#organization","name":"Verallia Design Awards","url":"https:\/\/design.awards.verallia.fr\/fr\/","logo":{"@type":"ImageObject","inLanguage":"fr-FR","@id":"https:\/\/design.awards.verallia.fr\/fr\/#\/schema\/logo\/image\/","url":"https:\/\/design.awards.verallia.fr\/wp-content\/uploads\/2023\/05\/logo-small.png","contentUrl":"https:\/\/design.awards.verallia.fr\/wp-content\/uploads\/2023\/05\/logo-small.png","width":198,"height":117,"caption":"Verallia Design Awards"},"image":{"@id":"https:\/\/design.awards.verallia.fr\/fr\/#\/schema\/logo\/image\/"}},{"@type":"Person","@id":"","url":"https:\/\/design.awards.verallia.fr"}]}},"_links":{"self":[{"href":"https:\/\/design.awards.verallia.fr\/fr\/wp-json\/wp\/v2\/posts\/42384","targetHints":{"allow":["GET"]}}],"collection":[{"href":"https:\/\/design.awards.verallia.fr\/fr\/wp-json\/wp\/v2\/posts"}],"about":[{"href":"https:\/\/design.awards.verallia.fr\/fr\/wp-json\/wp\/v2\/types\/post"}],"author":[{"embeddable":true,"href":"https:\/\/design.awards.verallia.fr\/fr\/wp-json\/wp\/v2\/users\/4215"}],"replies":[{"embeddable":true,"href":"https:\/\/design.awards.verallia.fr\/fr\/wp-json\/wp\/v2\/comments?post=42384"}],"version-history":[{"count":4,"href":"https:\/\/design.awards.verallia.fr\/fr\/wp-json\/wp\/v2\/posts\/42384\/revisions"}],"predecessor-version":[{"id":99340,"href":"https:\/\/design.awards.verallia.fr\/fr\/wp-json\/wp\/v2\/posts\/42384\/revisions\/99340"}],"wp:featuredmedia":[{"embeddable":true,"href":"https:\/\/design.awards.verallia.fr\/fr\/wp-json\/wp\/v2\/media\/99336"}],"wp:attachment":[{"href":"https:\/\/design.awards.verallia.fr\/fr\/wp-json\/wp\/v2\/media?parent=42384"}],"wp:term":[{"taxonomy":"category","embeddable":true,"href":"https:\/\/design.awards.verallia.fr\/fr\/wp-json\/wp\/v2\/categories?post=42384"},{"taxonomy":"post_tag","embeddable":true,"href":"https:\/\/design.awards.verallia.fr\/fr\/wp-json\/wp\/v2\/tags?post=42384"}],"curies":[{"name":"wp","href":"https:\/\/api.w.org\/{rel}","templated":true}]}}