{"id":42948,"date":"2025-01-20T09:54:10","date_gmt":"2025-01-20T08:54:10","guid":{"rendered":"https:\/\/design.awards.verallia.fr\/?p=42948"},"modified":"2026-01-23T10:54:40","modified_gmt":"2026-01-23T09:54:40","slug":"les-tendances-emergentes-du-marche-des-vins-et-spiritueux-en-2025","status":"publish","type":"post","link":"https:\/\/design.awards.verallia.fr\/fr\/les-tendances-emergentes-du-marche-des-vins-et-spiritueux-en-2025\/","title":{"rendered":"Les tendances \u00e9mergentes du march\u00e9 des vins et spiritueux en 2025"},"content":{"rendered":"\t\t<div data-elementor-type=\"wp-post\" data-elementor-id=\"42948\" class=\"elementor elementor-42948\" data-elementor-post-type=\"post\">\n\t\t\t\t<div class=\"elementor-element elementor-element-c54ce5c e-flex e-con-boxed e-con e-parent\" data-id=\"c54ce5c\" data-element_type=\"container\" data-e-type=\"container\">\n\t\t\t\t\t<div class=\"e-con-inner\">\n\t\t<div class=\"elementor-element elementor-element-f8bbbc7 e-flex e-con-boxed e-con e-child\" data-id=\"f8bbbc7\" data-element_type=\"container\" data-e-type=\"container\">\n\t\t\t\t\t<div class=\"e-con-inner\">\n\t\t\t\t<div class=\"elementor-element elementor-element-8f3afdd elementor-widget elementor-widget-text-editor\" data-id=\"8f3afdd\" data-element_type=\"widget\" data-e-type=\"widget\" data-widget_type=\"text-editor.default\">\n\t\t\t\t<div class=\"elementor-widget-container\">\n\t\t\t\t\t\t\t\t\t<h5><b>Ces derni\u00e8res ann\u00e9es, le march\u00e9 des vins et spiritueux a connu une v\u00e9ritable r\u00e9volution. Les pr\u00e9f\u00e9rences des consommateurs \u00e9voluent rapidement, les innovations technologiques transforment les m\u00e9thodes de production, et la mondialisation continue de remodeler l&#8217;industrie.\u00a0<\/b><\/h5>\t\t\t\t\t\t\t\t<\/div>\n\t\t\t\t<\/div>\n\t\t\t\t<div class=\"elementor-element elementor-element-4501d47 elementor-widget elementor-widget-spacer\" data-id=\"4501d47\" data-element_type=\"widget\" data-e-type=\"widget\" data-widget_type=\"spacer.default\">\n\t\t\t\t<div class=\"elementor-widget-container\">\n\t\t\t\t\t\t\t<div class=\"elementor-spacer\">\n\t\t\t<div class=\"elementor-spacer-inner\"><\/div>\n\t\t<\/div>\n\t\t\t\t\t\t<\/div>\n\t\t\t\t<\/div>\n\t\t\t\t\t<\/div>\n\t\t\t\t<\/div>\n\t\t\t\t\t<\/div>\n\t\t\t\t<\/div>\n\t\t<div class=\"elementor-element elementor-element-867009c e-flex e-con-boxed e-con e-parent\" data-id=\"867009c\" data-element_type=\"container\" data-e-type=\"container\">\n\t\t\t\t\t<div class=\"e-con-inner\">\n\t\t<div class=\"elementor-element elementor-element-8c35a3f e-flex e-con-boxed e-con e-child\" data-id=\"8c35a3f\" data-element_type=\"container\" data-e-type=\"container\">\n\t\t\t\t\t<div class=\"e-con-inner\">\n\t\t\t\t<div class=\"elementor-element elementor-element-bf18269 elementor-widget elementor-widget-text-editor\" data-id=\"bf18269\" data-element_type=\"widget\" data-e-type=\"widget\" data-widget_type=\"text-editor.default\">\n\t\t\t\t<div class=\"elementor-widget-container\">\n\t\t\t\t\t\t\t\t\t<h5>Un nouvel accent sur l&#8217;\u00e9thique et la durabilit\u00e9<\/h5>\t\t\t\t\t\t\t\t<\/div>\n\t\t\t\t<\/div>\n\t\t\t\t<div class=\"elementor-element elementor-element-6a87d7b elementor-widget elementor-widget-text-editor\" data-id=\"6a87d7b\" data-element_type=\"widget\" data-e-type=\"widget\" data-widget_type=\"text-editor.default\">\n\t\t\t\t<div class=\"elementor-widget-container\">\n\t\t\t\t\t\t\t\t\t<p>Les consommateurs soutiennent de plus en plus les marques engag\u00e9es dans un avenir plus vert. Les producteurs adoptent des processus respectueux de l\u2019environnement, utilisent des ingr\u00e9dients biologiques et mettent en \u0153uvre des sources d&#8217;\u00e9nergie renouvelables.<\/p><ul><li><strong>R\u00e9duction des d\u00e9chets<\/strong>\u00a0: Les marques produisent de l&#8217;alcool \u00e0 partir d&#8217;ingr\u00e9dients recycl\u00e9s comme des pelures de banane, r\u00e9duisant ainsi les d\u00e9chets alimentaires.<\/li><li><strong>Initiatives vertes<\/strong>\u00a0: Les marques utilisent des emballages rechargeables, des mat\u00e9riaux recycl\u00e9s et des \u00e9nergies renouvelables pour r\u00e9duire leur empreinte carbone.<\/li><li><strong>Moins de packaging<\/strong>\u00a0: Les marques r\u00e9duisent les \u00e9l\u00e9ments de packaging superflus et optimisent ce qui reste pour la r\u00e9utilisation.<\/li><\/ul>\t\t\t\t\t\t\t\t<\/div>\n\t\t\t\t<\/div>\n\t\t\t\t<div class=\"elementor-element elementor-element-16cc1fb elementor-widget elementor-widget-image\" data-id=\"16cc1fb\" data-element_type=\"widget\" data-e-type=\"widget\" data-widget_type=\"image.default\">\n\t\t\t\t<div class=\"elementor-widget-container\">\n\t\t\t\t\t\t\t\t\t\t\t\t\t\t\t<img fetchpriority=\"high\" decoding=\"async\" width=\"800\" height=\"488\" src=\"https:\/\/design.awards.verallia.fr\/wp-content\/uploads\/2025\/01\/bleu-chronologie-cycle-presentation-e1737381312482-1024x624-1.png\" class=\"attachment-large size-large wp-image-99320\" alt=\"\" srcset=\"https:\/\/design.awards.verallia.fr\/wp-content\/uploads\/2025\/01\/bleu-chronologie-cycle-presentation-e1737381312482-1024x624-1.png 1024w, https:\/\/design.awards.verallia.fr\/wp-content\/uploads\/2025\/01\/bleu-chronologie-cycle-presentation-e1737381312482-1024x624-1-300x183.png 300w, https:\/\/design.awards.verallia.fr\/wp-content\/uploads\/2025\/01\/bleu-chronologie-cycle-presentation-e1737381312482-1024x624-1-768x468.png 768w\" sizes=\"(max-width: 800px) 100vw, 800px\" \/>\t\t\t\t\t\t\t\t\t\t\t\t\t\t\t<\/div>\n\t\t\t\t<\/div>\n\t\t\t\t<div class=\"elementor-element elementor-element-0f6ed34 elementor-widget elementor-widget-text-editor\" data-id=\"0f6ed34\" data-element_type=\"widget\" data-e-type=\"widget\" data-widget_type=\"text-editor.default\">\n\t\t\t\t<div class=\"elementor-widget-container\">\n\t\t\t\t\t\t\t\t\t<h5>Moins d&#8217;alcool, plus de bien-\u00eatre<\/h5>\t\t\t\t\t\t\t\t<\/div>\n\t\t\t\t<\/div>\n\t\t\t\t<div class=\"elementor-element elementor-element-49f9738 elementor-widget elementor-widget-text-editor\" data-id=\"49f9738\" data-element_type=\"widget\" data-e-type=\"widget\" data-widget_type=\"text-editor.default\">\n\t\t\t\t<div class=\"elementor-widget-container\">\n\t\t\t\t\t\t\t\t\t<p>La G\u00e9n\u00e9ration Z consomme moins d&#8217;alcool, privil\u00e9giant la qualit\u00e9 \u00e0 la quantit\u00e9 et recherchant des exp\u00e9riences de bien-\u00eatre.<\/p><ul><li><strong>Saveurs sans alcool<\/strong>\u00a0: Les marques offrent des boissons sans alcool sophistiqu\u00e9es avec des saveurs complexes.<\/li><li><strong>Alternatives qui boostent l&#8217;humeur<\/strong>\u00a0: Les boissons qui am\u00e9liorent l&#8217;humeur sans les effets enivrants de l&#8217;alcool gagnent en popularit\u00e9.<\/li><li><strong>Options plus l\u00e9g\u00e8res<\/strong>\u00a0: La consommation de vins blancs et ros\u00e9s p\u00e9tillants augmente, avec des designs de bouteilles tendance et \u00e9l\u00e9gants.<\/li><li><strong>Esth\u00e9tiques amusantes<\/strong>\u00a0: Les marques adoptent des packaging originaux et collaborent avec des artistes pour refl\u00e9ter leur personnalit\u00e9.<\/li><\/ul>\t\t\t\t\t\t\t\t<\/div>\n\t\t\t\t<\/div>\n\t\t\t\t<div class=\"elementor-element elementor-element-45ba4f4 elementor-widget elementor-widget-image\" data-id=\"45ba4f4\" data-element_type=\"widget\" data-e-type=\"widget\" data-widget_type=\"image.default\">\n\t\t\t\t<div class=\"elementor-widget-container\">\n\t\t\t\t\t\t\t\t\t\t\t\t\t\t\t<img decoding=\"async\" width=\"800\" height=\"353\" src=\"https:\/\/design.awards.verallia.fr\/wp-content\/uploads\/2025\/01\/bleu-chronologie-cycle-presentation-e1737379824728-1024x452-1.jpg\" class=\"attachment-large size-large wp-image-99322\" alt=\"\" srcset=\"https:\/\/design.awards.verallia.fr\/wp-content\/uploads\/2025\/01\/bleu-chronologie-cycle-presentation-e1737379824728-1024x452-1.jpg 1024w, https:\/\/design.awards.verallia.fr\/wp-content\/uploads\/2025\/01\/bleu-chronologie-cycle-presentation-e1737379824728-1024x452-1-300x132.jpg 300w, https:\/\/design.awards.verallia.fr\/wp-content\/uploads\/2025\/01\/bleu-chronologie-cycle-presentation-e1737379824728-1024x452-1-768x339.jpg 768w\" sizes=\"(max-width: 800px) 100vw, 800px\" \/>\t\t\t\t\t\t\t\t\t\t\t\t\t\t\t<\/div>\n\t\t\t\t<\/div>\n\t\t\t\t<div class=\"elementor-element elementor-element-7fac713 elementor-widget elementor-widget-spacer\" data-id=\"7fac713\" data-element_type=\"widget\" data-e-type=\"widget\" data-widget_type=\"spacer.default\">\n\t\t\t\t<div class=\"elementor-widget-container\">\n\t\t\t\t\t\t\t<div class=\"elementor-spacer\">\n\t\t\t<div class=\"elementor-spacer-inner\"><\/div>\n\t\t<\/div>\n\t\t\t\t\t\t<\/div>\n\t\t\t\t<\/div>\n\t\t\t\t<div class=\"elementor-element elementor-element-ef590bd elementor-widget elementor-widget-text-editor\" data-id=\"ef590bd\" data-element_type=\"widget\" data-e-type=\"widget\" data-widget_type=\"text-editor.default\">\n\t\t\t\t<div class=\"elementor-widget-container\">\n\t\t\t\t\t\t\t\t\t<h5>Exp\u00e9riences sur mesure<\/h5>\t\t\t\t\t\t\t\t<\/div>\n\t\t\t\t<\/div>\n\t\t\t\t<div class=\"elementor-element elementor-element-ad7873c elementor-widget elementor-widget-text-editor\" data-id=\"ad7873c\" data-element_type=\"widget\" data-e-type=\"widget\" data-widget_type=\"text-editor.default\">\n\t\t\t\t<div class=\"elementor-widget-container\">\n\t\t\t\t\t\t\t\t\t<p>Les consommateurs recherchent des exp\u00e9riences et des produits uniques, adapt\u00e9s \u00e0 leurs pr\u00e9f\u00e9rences individuelles.<\/p><ul><li><strong>Portions individuelles<\/strong>\u00a0: Les mini-bouteilles allient praticit\u00e9 et luxe, parfaites pour une d\u00e9gustation en d\u00e9placement.<\/li><li><strong>Hard seltzer et cocktails pr\u00eats \u00e0 boire<\/strong>\u00a0: La demande de praticit\u00e9 et de choix entre boissons alcoolis\u00e9es et non alcoolis\u00e9es stimule l&#8217;innovation.<\/li><li><strong>Cocktailisation du vin<\/strong>\u00a0: Les cocktails \u00e0 base de vin r\u00e9pondent \u00e0 la demande de boissons gourmandes et saines, simples et sophistiqu\u00e9es.<\/li><li><strong>Effacement des fronti\u00e8res<\/strong>\u00a0: Les produits hybrides comme les gins vieillis en f\u00fbt et les bi\u00e8res infus\u00e9es au whisky offrent de nouvelles exp\u00e9riences gustatives.<\/li><\/ul>\t\t\t\t\t\t\t\t<\/div>\n\t\t\t\t<\/div>\n\t\t\t\t<div class=\"elementor-element elementor-element-a716c0f elementor-widget elementor-widget-image\" data-id=\"a716c0f\" data-element_type=\"widget\" data-e-type=\"widget\" data-widget_type=\"image.default\">\n\t\t\t\t<div class=\"elementor-widget-container\">\n\t\t\t\t\t\t\t\t\t\t\t\t\t\t\t<img decoding=\"async\" width=\"800\" height=\"339\" src=\"https:\/\/design.awards.verallia.fr\/wp-content\/uploads\/2025\/01\/bleu-chronologie-cycle-presentation-1-e1737380053199-1024x434-1.jpg\" class=\"attachment-large size-large wp-image-99324\" alt=\"\" srcset=\"https:\/\/design.awards.verallia.fr\/wp-content\/uploads\/2025\/01\/bleu-chronologie-cycle-presentation-1-e1737380053199-1024x434-1.jpg 1024w, https:\/\/design.awards.verallia.fr\/wp-content\/uploads\/2025\/01\/bleu-chronologie-cycle-presentation-1-e1737380053199-1024x434-1-300x127.jpg 300w, https:\/\/design.awards.verallia.fr\/wp-content\/uploads\/2025\/01\/bleu-chronologie-cycle-presentation-1-e1737380053199-1024x434-1-768x326.jpg 768w\" sizes=\"(max-width: 800px) 100vw, 800px\" \/>\t\t\t\t\t\t\t\t\t\t\t\t\t\t\t<\/div>\n\t\t\t\t<\/div>\n\t\t\t\t<div class=\"elementor-element elementor-element-aa647a8 elementor-widget elementor-widget-text-editor\" data-id=\"aa647a8\" data-element_type=\"widget\" data-e-type=\"widget\" data-widget_type=\"text-editor.default\">\n\t\t\t\t<div class=\"elementor-widget-container\">\n\t\t\t\t\t\t\t\t\t<h5>Valeur \u00e9lev\u00e9e<\/h5>\t\t\t\t\t\t\t\t<\/div>\n\t\t\t\t<\/div>\n\t\t\t\t<div class=\"elementor-element elementor-element-6b488f6 elementor-widget elementor-widget-text-editor\" data-id=\"6b488f6\" data-element_type=\"widget\" data-e-type=\"widget\" data-widget_type=\"text-editor.default\">\n\t\t\t\t<div class=\"elementor-widget-container\">\n\t\t\t\t\t\t\t\t\t<p>Les marques cherchent \u00e0 se diff\u00e9rencier par l&#8217;esth\u00e9tique et le design sensoriel, offrant des exp\u00e9riences de luxe homog\u00e8nes.<\/p><ul><li><strong>Attrait du sensoriel<\/strong>\u00a0: Les designs de bouteilles avec des surfaces emboss\u00e9es et des \u00e9tiquettes complexes cr\u00e9ent des exp\u00e9riences multisensorielles.<\/li><li><strong>Petites s\u00e9ries et spiritueux signature<\/strong>\u00a0: Les produits en petites s\u00e9ries offrent des exp\u00e9riences de d\u00e9gustation exclusives.<\/li><li><strong>Luxe raffin\u00e9<\/strong>\u00a0: Le packaging en verre symbolise l&#8217;opulence discr\u00e8te et la conscience environnementale.<\/li><li><strong>Design phygital<\/strong>\u00a0: Les exp\u00e9riences phygitales int\u00e8grent des technologies num\u00e9riques pour cr\u00e9er des identit\u00e9s de produits exclusives.<\/li><\/ul>\t\t\t\t\t\t\t\t<\/div>\n\t\t\t\t<\/div>\n\t\t\t\t<div class=\"elementor-element elementor-element-d7fe0e6 elementor-widget elementor-widget-image\" data-id=\"d7fe0e6\" data-element_type=\"widget\" data-e-type=\"widget\" data-widget_type=\"image.default\">\n\t\t\t\t<div class=\"elementor-widget-container\">\n\t\t\t\t\t\t\t\t\t\t\t\t\t\t\t<img loading=\"lazy\" decoding=\"async\" width=\"800\" height=\"336\" src=\"https:\/\/design.awards.verallia.fr\/wp-content\/uploads\/2025\/01\/bleu-chronologie-cycle-presentation-1-e1737380281935-1024x430-1.png\" class=\"attachment-large size-large wp-image-99326\" alt=\"\" srcset=\"https:\/\/design.awards.verallia.fr\/wp-content\/uploads\/2025\/01\/bleu-chronologie-cycle-presentation-1-e1737380281935-1024x430-1.png 1024w, https:\/\/design.awards.verallia.fr\/wp-content\/uploads\/2025\/01\/bleu-chronologie-cycle-presentation-1-e1737380281935-1024x430-1-300x126.png 300w, https:\/\/design.awards.verallia.fr\/wp-content\/uploads\/2025\/01\/bleu-chronologie-cycle-presentation-1-e1737380281935-1024x430-1-768x323.png 768w\" sizes=\"(max-width: 800px) 100vw, 800px\" \/>\t\t\t\t\t\t\t\t\t\t\t\t\t\t\t<\/div>\n\t\t\t\t<\/div>\n\t\t\t\t<div class=\"elementor-element elementor-element-168aee1 elementor-widget elementor-widget-spacer\" data-id=\"168aee1\" data-element_type=\"widget\" data-e-type=\"widget\" data-widget_type=\"spacer.default\">\n\t\t\t\t<div class=\"elementor-widget-container\">\n\t\t\t\t\t\t\t<div class=\"elementor-spacer\">\n\t\t\t<div class=\"elementor-spacer-inner\"><\/div>\n\t\t<\/div>\n\t\t\t\t\t\t<\/div>\n\t\t\t\t<\/div>\n\t\t\t\t<div class=\"elementor-element elementor-element-55dee04 elementor-widget elementor-widget-text-editor\" data-id=\"55dee04\" data-element_type=\"widget\" data-e-type=\"widget\" data-widget_type=\"text-editor.default\">\n\t\t\t\t<div class=\"elementor-widget-container\">\n\t\t\t\t\t\t\t\t\t<p>Pour en savoir plus sur les tendances de 2025 et d\u00e9couvrir comment elles peuvent inspirer vos cr\u00e9ations, visitez le site web de Selective Line, la marque haut de gamme de Verallia.<\/p>\t\t\t\t\t\t\t\t<\/div>\n\t\t\t\t<\/div>\n\t\t\t\t<div class=\"elementor-element elementor-element-8d418a6 elementor-align-center elementor-widget elementor-widget-button\" data-id=\"8d418a6\" data-element_type=\"widget\" data-e-type=\"widget\" data-widget_type=\"button.default\">\n\t\t\t\t<div class=\"elementor-widget-container\">\n\t\t\t\t\t\t\t\t\t<div class=\"elementor-button-wrapper\">\n\t\t\t\t\t<a class=\"elementor-button elementor-button-link elementor-size-sm\" href=\"https:\/\/www.selective-line.com\/s\/style-book-2025?language=fr\">\n\t\t\t\t\t\t<span class=\"elementor-button-content-wrapper\">\n\t\t\t\t\t\t\t\t\t<span class=\"elementor-button-text\">Les tendances par Selective Line<\/span>\n\t\t\t\t\t<\/span>\n\t\t\t\t\t<\/a>\n\t\t\t\t<\/div>\n\t\t\t\t\t\t\t\t<\/div>\n\t\t\t\t<\/div>\n\t\t\t\t\t<\/div>\n\t\t\t\t<\/div>\n\t\t\t\t\t<\/div>\n\t\t\t\t<\/div>\n\t\t\t\t<\/div>\n\t\t","protected":false},"excerpt":{"rendered":"<p>Ces derni\u00e8res ann\u00e9es, le march\u00e9 des vins et spiritueux a connu une v\u00e9ritable r\u00e9volution. Les pr\u00e9f\u00e9rences des consommateurs \u00e9voluent rapidement, les innovations technologiques transforment les m\u00e9thodes de production, et la mondialisation continue de remodeler l&#8217;industrie.\u00a0 Un nouvel accent sur l&#8217;\u00e9thique et la durabilit\u00e9 Les consommateurs soutiennent de plus en plus les marques engag\u00e9es dans un [&hellip;]<\/p>\n","protected":false},"author":4215,"featured_media":99331,"comment_status":"closed","ping_status":"closed","sticky":false,"template":"","format":"standard","meta":{"_acf_changed":false,"footnotes":""},"categories":[23],"tags":[],"class_list":["post-42948","post","type-post","status-publish","format-standard","has-post-thumbnail","hentry","category-verallia"],"acf":[],"yoast_head":"<!-- This site is optimized with the Yoast SEO plugin v27.3 - https:\/\/yoast.com\/product\/yoast-seo-wordpress\/ -->\n<title>Les tendances \u00e9mergentes du march\u00e9 des vins et spiritueux en 2025 - Verallia Design Awards<\/title>\n<meta name=\"robots\" content=\"index, follow, max-snippet:-1, max-image-preview:large, max-video-preview:-1\" \/>\n<link rel=\"canonical\" href=\"https:\/\/design.awards.verallia.fr\/fr\/les-tendances-emergentes-du-marche-des-vins-et-spiritueux-en-2025\/\" \/>\n<meta property=\"og:locale\" content=\"fr_FR\" \/>\n<meta property=\"og:type\" content=\"article\" \/>\n<meta property=\"og:title\" content=\"Les tendances \u00e9mergentes du march\u00e9 des vins et spiritueux en 2025 - Verallia Design Awards\" \/>\n<meta property=\"og:description\" content=\"Ces derni\u00e8res ann\u00e9es, le march\u00e9 des vins et spiritueux a connu une v\u00e9ritable r\u00e9volution. Les pr\u00e9f\u00e9rences des consommateurs \u00e9voluent rapidement, les innovations technologiques transforment les m\u00e9thodes de production, et la mondialisation continue de remodeler l&#8217;industrie.\u00a0 Un nouvel accent sur l&#8217;\u00e9thique et la durabilit\u00e9 Les consommateurs soutiennent de plus en plus les marques engag\u00e9es dans un [&hellip;]\" \/>\n<meta property=\"og:url\" content=\"https:\/\/design.awards.verallia.fr\/fr\/les-tendances-emergentes-du-marche-des-vins-et-spiritueux-en-2025\/\" \/>\n<meta property=\"og:site_name\" content=\"Verallia Design Awards\" \/>\n<meta property=\"article:published_time\" content=\"2025-01-20T08:54:10+00:00\" \/>\n<meta property=\"article:modified_time\" content=\"2026-01-23T09:54:40+00:00\" \/>\n<meta property=\"og:image\" content=\"https:\/\/design.awards.verallia.fr\/wp-content\/uploads\/2025\/01\/capture.png\" \/>\n\t<meta property=\"og:image:width\" content=\"853\" \/>\n\t<meta property=\"og:image:height\" content=\"647\" \/>\n\t<meta property=\"og:image:type\" content=\"image\/png\" \/>\n<meta name=\"twitter:card\" content=\"summary_large_image\" \/>\n<meta name=\"twitter:label1\" content=\"\u00c9crit par\" \/>\n\t<meta name=\"twitter:data1\" content=\"\" \/>\n\t<meta name=\"twitter:label2\" content=\"Dur\u00e9e de lecture estim\u00e9e\" \/>\n\t<meta name=\"twitter:data2\" content=\"4 minutes\" \/>\n<script type=\"application\/ld+json\" class=\"yoast-schema-graph\">{\"@context\":\"https:\\\/\\\/schema.org\",\"@graph\":[{\"@type\":\"Article\",\"@id\":\"https:\\\/\\\/design.awards.verallia.fr\\\/fr\\\/les-tendances-emergentes-du-marche-des-vins-et-spiritueux-en-2025\\\/#article\",\"isPartOf\":{\"@id\":\"https:\\\/\\\/design.awards.verallia.fr\\\/fr\\\/les-tendances-emergentes-du-marche-des-vins-et-spiritueux-en-2025\\\/\"},\"author\":{\"name\":\"\",\"@id\":\"\"},\"headline\":\"Les tendances \u00e9mergentes du march\u00e9 des vins et spiritueux en 2025\",\"datePublished\":\"2025-01-20T08:54:10+00:00\",\"dateModified\":\"2026-01-23T09:54:40+00:00\",\"mainEntityOfPage\":{\"@id\":\"https:\\\/\\\/design.awards.verallia.fr\\\/fr\\\/les-tendances-emergentes-du-marche-des-vins-et-spiritueux-en-2025\\\/\"},\"wordCount\":538,\"publisher\":{\"@id\":\"https:\\\/\\\/design.awards.verallia.fr\\\/fr\\\/#organization\"},\"image\":{\"@id\":\"https:\\\/\\\/design.awards.verallia.fr\\\/fr\\\/les-tendances-emergentes-du-marche-des-vins-et-spiritueux-en-2025\\\/#primaryimage\"},\"thumbnailUrl\":\"https:\\\/\\\/design.awards.verallia.fr\\\/wp-content\\\/uploads\\\/2025\\\/01\\\/capture.png\",\"articleSection\":[\"Verallia\"],\"inLanguage\":\"fr-FR\"},{\"@type\":\"WebPage\",\"@id\":\"https:\\\/\\\/design.awards.verallia.fr\\\/fr\\\/les-tendances-emergentes-du-marche-des-vins-et-spiritueux-en-2025\\\/\",\"url\":\"https:\\\/\\\/design.awards.verallia.fr\\\/fr\\\/les-tendances-emergentes-du-marche-des-vins-et-spiritueux-en-2025\\\/\",\"name\":\"Les tendances \u00e9mergentes du march\u00e9 des vins et spiritueux en 2025 - Verallia Design Awards\",\"isPartOf\":{\"@id\":\"https:\\\/\\\/design.awards.verallia.fr\\\/fr\\\/#website\"},\"primaryImageOfPage\":{\"@id\":\"https:\\\/\\\/design.awards.verallia.fr\\\/fr\\\/les-tendances-emergentes-du-marche-des-vins-et-spiritueux-en-2025\\\/#primaryimage\"},\"image\":{\"@id\":\"https:\\\/\\\/design.awards.verallia.fr\\\/fr\\\/les-tendances-emergentes-du-marche-des-vins-et-spiritueux-en-2025\\\/#primaryimage\"},\"thumbnailUrl\":\"https:\\\/\\\/design.awards.verallia.fr\\\/wp-content\\\/uploads\\\/2025\\\/01\\\/capture.png\",\"datePublished\":\"2025-01-20T08:54:10+00:00\",\"dateModified\":\"2026-01-23T09:54:40+00:00\",\"breadcrumb\":{\"@id\":\"https:\\\/\\\/design.awards.verallia.fr\\\/fr\\\/les-tendances-emergentes-du-marche-des-vins-et-spiritueux-en-2025\\\/#breadcrumb\"},\"inLanguage\":\"fr-FR\",\"potentialAction\":[{\"@type\":\"ReadAction\",\"target\":[\"https:\\\/\\\/design.awards.verallia.fr\\\/fr\\\/les-tendances-emergentes-du-marche-des-vins-et-spiritueux-en-2025\\\/\"]}]},{\"@type\":\"ImageObject\",\"inLanguage\":\"fr-FR\",\"@id\":\"https:\\\/\\\/design.awards.verallia.fr\\\/fr\\\/les-tendances-emergentes-du-marche-des-vins-et-spiritueux-en-2025\\\/#primaryimage\",\"url\":\"https:\\\/\\\/design.awards.verallia.fr\\\/wp-content\\\/uploads\\\/2025\\\/01\\\/capture.png\",\"contentUrl\":\"https:\\\/\\\/design.awards.verallia.fr\\\/wp-content\\\/uploads\\\/2025\\\/01\\\/capture.png\",\"width\":853,\"height\":647},{\"@type\":\"BreadcrumbList\",\"@id\":\"https:\\\/\\\/design.awards.verallia.fr\\\/fr\\\/les-tendances-emergentes-du-marche-des-vins-et-spiritueux-en-2025\\\/#breadcrumb\",\"itemListElement\":[{\"@type\":\"ListItem\",\"position\":1,\"name\":\"Accueil\",\"item\":\"https:\\\/\\\/design.awards.verallia.fr\\\/fr\\\/\"},{\"@type\":\"ListItem\",\"position\":2,\"name\":\"Les tendances \u00e9mergentes du march\u00e9 des vins et spiritueux en 2025\"}]},{\"@type\":\"WebSite\",\"@id\":\"https:\\\/\\\/design.awards.verallia.fr\\\/fr\\\/#website\",\"url\":\"https:\\\/\\\/design.awards.verallia.fr\\\/fr\\\/\",\"name\":\"Verallia Design Awards\",\"description\":\"Verallia Design Award, le concours de design du packaging en verre\",\"publisher\":{\"@id\":\"https:\\\/\\\/design.awards.verallia.fr\\\/fr\\\/#organization\"},\"potentialAction\":[{\"@type\":\"SearchAction\",\"target\":{\"@type\":\"EntryPoint\",\"urlTemplate\":\"https:\\\/\\\/design.awards.verallia.fr\\\/fr\\\/?s={search_term_string}\"},\"query-input\":{\"@type\":\"PropertyValueSpecification\",\"valueRequired\":true,\"valueName\":\"search_term_string\"}}],\"inLanguage\":\"fr-FR\"},{\"@type\":\"Organization\",\"@id\":\"https:\\\/\\\/design.awards.verallia.fr\\\/fr\\\/#organization\",\"name\":\"Verallia Design Awards\",\"url\":\"https:\\\/\\\/design.awards.verallia.fr\\\/fr\\\/\",\"logo\":{\"@type\":\"ImageObject\",\"inLanguage\":\"fr-FR\",\"@id\":\"https:\\\/\\\/design.awards.verallia.fr\\\/fr\\\/#\\\/schema\\\/logo\\\/image\\\/\",\"url\":\"https:\\\/\\\/design.awards.verallia.fr\\\/wp-content\\\/uploads\\\/2023\\\/05\\\/logo-small.png\",\"contentUrl\":\"https:\\\/\\\/design.awards.verallia.fr\\\/wp-content\\\/uploads\\\/2023\\\/05\\\/logo-small.png\",\"width\":198,\"height\":117,\"caption\":\"Verallia Design Awards\"},\"image\":{\"@id\":\"https:\\\/\\\/design.awards.verallia.fr\\\/fr\\\/#\\\/schema\\\/logo\\\/image\\\/\"}},{\"@type\":\"Person\",\"@id\":\"\",\"url\":\"https:\\\/\\\/design.awards.verallia.fr\"}]}<\/script>\n<!-- \/ Yoast SEO plugin. -->","yoast_head_json":{"title":"Les tendances \u00e9mergentes du march\u00e9 des vins et spiritueux en 2025 - Verallia Design Awards","robots":{"index":"index","follow":"follow","max-snippet":"max-snippet:-1","max-image-preview":"max-image-preview:large","max-video-preview":"max-video-preview:-1"},"canonical":"https:\/\/design.awards.verallia.fr\/fr\/les-tendances-emergentes-du-marche-des-vins-et-spiritueux-en-2025\/","og_locale":"fr_FR","og_type":"article","og_title":"Les tendances \u00e9mergentes du march\u00e9 des vins et spiritueux en 2025 - Verallia Design Awards","og_description":"Ces derni\u00e8res ann\u00e9es, le march\u00e9 des vins et spiritueux a connu une v\u00e9ritable r\u00e9volution. Les pr\u00e9f\u00e9rences des consommateurs \u00e9voluent rapidement, les innovations technologiques transforment les m\u00e9thodes de production, et la mondialisation continue de remodeler l&#8217;industrie.\u00a0 Un nouvel accent sur l&#8217;\u00e9thique et la durabilit\u00e9 Les consommateurs soutiennent de plus en plus les marques engag\u00e9es dans un [&hellip;]","og_url":"https:\/\/design.awards.verallia.fr\/fr\/les-tendances-emergentes-du-marche-des-vins-et-spiritueux-en-2025\/","og_site_name":"Verallia Design Awards","article_published_time":"2025-01-20T08:54:10+00:00","article_modified_time":"2026-01-23T09:54:40+00:00","og_image":[{"width":853,"height":647,"url":"https:\/\/design.awards.verallia.fr\/wp-content\/uploads\/2025\/01\/capture.png","type":"image\/png"}],"twitter_card":"summary_large_image","twitter_misc":{"\u00c9crit par":"","Dur\u00e9e de lecture estim\u00e9e":"4 minutes"},"schema":{"@context":"https:\/\/schema.org","@graph":[{"@type":"Article","@id":"https:\/\/design.awards.verallia.fr\/fr\/les-tendances-emergentes-du-marche-des-vins-et-spiritueux-en-2025\/#article","isPartOf":{"@id":"https:\/\/design.awards.verallia.fr\/fr\/les-tendances-emergentes-du-marche-des-vins-et-spiritueux-en-2025\/"},"author":{"name":"","@id":""},"headline":"Les tendances \u00e9mergentes du march\u00e9 des vins et spiritueux en 2025","datePublished":"2025-01-20T08:54:10+00:00","dateModified":"2026-01-23T09:54:40+00:00","mainEntityOfPage":{"@id":"https:\/\/design.awards.verallia.fr\/fr\/les-tendances-emergentes-du-marche-des-vins-et-spiritueux-en-2025\/"},"wordCount":538,"publisher":{"@id":"https:\/\/design.awards.verallia.fr\/fr\/#organization"},"image":{"@id":"https:\/\/design.awards.verallia.fr\/fr\/les-tendances-emergentes-du-marche-des-vins-et-spiritueux-en-2025\/#primaryimage"},"thumbnailUrl":"https:\/\/design.awards.verallia.fr\/wp-content\/uploads\/2025\/01\/capture.png","articleSection":["Verallia"],"inLanguage":"fr-FR"},{"@type":"WebPage","@id":"https:\/\/design.awards.verallia.fr\/fr\/les-tendances-emergentes-du-marche-des-vins-et-spiritueux-en-2025\/","url":"https:\/\/design.awards.verallia.fr\/fr\/les-tendances-emergentes-du-marche-des-vins-et-spiritueux-en-2025\/","name":"Les tendances \u00e9mergentes du march\u00e9 des vins et spiritueux en 2025 - Verallia Design Awards","isPartOf":{"@id":"https:\/\/design.awards.verallia.fr\/fr\/#website"},"primaryImageOfPage":{"@id":"https:\/\/design.awards.verallia.fr\/fr\/les-tendances-emergentes-du-marche-des-vins-et-spiritueux-en-2025\/#primaryimage"},"image":{"@id":"https:\/\/design.awards.verallia.fr\/fr\/les-tendances-emergentes-du-marche-des-vins-et-spiritueux-en-2025\/#primaryimage"},"thumbnailUrl":"https:\/\/design.awards.verallia.fr\/wp-content\/uploads\/2025\/01\/capture.png","datePublished":"2025-01-20T08:54:10+00:00","dateModified":"2026-01-23T09:54:40+00:00","breadcrumb":{"@id":"https:\/\/design.awards.verallia.fr\/fr\/les-tendances-emergentes-du-marche-des-vins-et-spiritueux-en-2025\/#breadcrumb"},"inLanguage":"fr-FR","potentialAction":[{"@type":"ReadAction","target":["https:\/\/design.awards.verallia.fr\/fr\/les-tendances-emergentes-du-marche-des-vins-et-spiritueux-en-2025\/"]}]},{"@type":"ImageObject","inLanguage":"fr-FR","@id":"https:\/\/design.awards.verallia.fr\/fr\/les-tendances-emergentes-du-marche-des-vins-et-spiritueux-en-2025\/#primaryimage","url":"https:\/\/design.awards.verallia.fr\/wp-content\/uploads\/2025\/01\/capture.png","contentUrl":"https:\/\/design.awards.verallia.fr\/wp-content\/uploads\/2025\/01\/capture.png","width":853,"height":647},{"@type":"BreadcrumbList","@id":"https:\/\/design.awards.verallia.fr\/fr\/les-tendances-emergentes-du-marche-des-vins-et-spiritueux-en-2025\/#breadcrumb","itemListElement":[{"@type":"ListItem","position":1,"name":"Accueil","item":"https:\/\/design.awards.verallia.fr\/fr\/"},{"@type":"ListItem","position":2,"name":"Les tendances \u00e9mergentes du march\u00e9 des vins et spiritueux en 2025"}]},{"@type":"WebSite","@id":"https:\/\/design.awards.verallia.fr\/fr\/#website","url":"https:\/\/design.awards.verallia.fr\/fr\/","name":"Verallia Design Awards","description":"Verallia Design Award, le concours de design du packaging en verre","publisher":{"@id":"https:\/\/design.awards.verallia.fr\/fr\/#organization"},"potentialAction":[{"@type":"SearchAction","target":{"@type":"EntryPoint","urlTemplate":"https:\/\/design.awards.verallia.fr\/fr\/?s={search_term_string}"},"query-input":{"@type":"PropertyValueSpecification","valueRequired":true,"valueName":"search_term_string"}}],"inLanguage":"fr-FR"},{"@type":"Organization","@id":"https:\/\/design.awards.verallia.fr\/fr\/#organization","name":"Verallia Design Awards","url":"https:\/\/design.awards.verallia.fr\/fr\/","logo":{"@type":"ImageObject","inLanguage":"fr-FR","@id":"https:\/\/design.awards.verallia.fr\/fr\/#\/schema\/logo\/image\/","url":"https:\/\/design.awards.verallia.fr\/wp-content\/uploads\/2023\/05\/logo-small.png","contentUrl":"https:\/\/design.awards.verallia.fr\/wp-content\/uploads\/2023\/05\/logo-small.png","width":198,"height":117,"caption":"Verallia Design Awards"},"image":{"@id":"https:\/\/design.awards.verallia.fr\/fr\/#\/schema\/logo\/image\/"}},{"@type":"Person","@id":"","url":"https:\/\/design.awards.verallia.fr"}]}},"_links":{"self":[{"href":"https:\/\/design.awards.verallia.fr\/fr\/wp-json\/wp\/v2\/posts\/42948","targetHints":{"allow":["GET"]}}],"collection":[{"href":"https:\/\/design.awards.verallia.fr\/fr\/wp-json\/wp\/v2\/posts"}],"about":[{"href":"https:\/\/design.awards.verallia.fr\/fr\/wp-json\/wp\/v2\/types\/post"}],"author":[{"embeddable":true,"href":"https:\/\/design.awards.verallia.fr\/fr\/wp-json\/wp\/v2\/users\/4215"}],"replies":[{"embeddable":true,"href":"https:\/\/design.awards.verallia.fr\/fr\/wp-json\/wp\/v2\/comments?post=42948"}],"version-history":[{"count":4,"href":"https:\/\/design.awards.verallia.fr\/fr\/wp-json\/wp\/v2\/posts\/42948\/revisions"}],"predecessor-version":[{"id":99330,"href":"https:\/\/design.awards.verallia.fr\/fr\/wp-json\/wp\/v2\/posts\/42948\/revisions\/99330"}],"wp:featuredmedia":[{"embeddable":true,"href":"https:\/\/design.awards.verallia.fr\/fr\/wp-json\/wp\/v2\/media\/99331"}],"wp:attachment":[{"href":"https:\/\/design.awards.verallia.fr\/fr\/wp-json\/wp\/v2\/media?parent=42948"}],"wp:term":[{"taxonomy":"category","embeddable":true,"href":"https:\/\/design.awards.verallia.fr\/fr\/wp-json\/wp\/v2\/categories?post=42948"},{"taxonomy":"post_tag","embeddable":true,"href":"https:\/\/design.awards.verallia.fr\/fr\/wp-json\/wp\/v2\/tags?post=42948"}],"curies":[{"name":"wp","href":"https:\/\/api.w.org\/{rel}","templated":true}]}}