{"id":97571,"date":"2025-05-06T13:32:05","date_gmt":"2025-05-06T11:32:05","guid":{"rendered":"https:\/\/design.awards.verallia.fr\/?p=97571"},"modified":"2025-10-28T17:02:50","modified_gmt":"2025-10-28T16:02:50","slug":"focus-sur-le-jury-de-la-16eme-edition","status":"publish","type":"post","link":"https:\/\/design.awards.verallia.fr\/fr\/focus-sur-le-jury-de-la-16eme-edition\/","title":{"rendered":"Focus sur le jury de la 16\u00e8me \u00e9dition"},"content":{"rendered":"\t\t<div data-elementor-type=\"wp-post\" data-elementor-id=\"97571\" class=\"elementor elementor-97571\" data-elementor-post-type=\"post\">\n\t\t\t\t<div class=\"elementor-element elementor-element-c54ce5c e-flex e-con-boxed e-con e-parent\" data-id=\"c54ce5c\" data-element_type=\"container\" data-e-type=\"container\">\n\t\t\t\t\t<div class=\"e-con-inner\">\n\t\t<div class=\"elementor-element elementor-element-f8bbbc7 e-flex e-con-boxed e-con e-child\" data-id=\"f8bbbc7\" data-element_type=\"container\" data-e-type=\"container\">\n\t\t\t\t\t<div class=\"e-con-inner\">\n\t\t\t\t<div class=\"elementor-element elementor-element-8f3afdd elementor-widget elementor-widget-text-editor\" data-id=\"8f3afdd\" data-element_type=\"widget\" data-e-type=\"widget\" data-widget_type=\"text-editor.default\">\n\t\t\t\t<div class=\"elementor-widget-container\">\n\t\t\t\t\t\t\t\t\t<h5><b>Ils sont designers, journalistes, experts du packaging ou encore responsables RSE. Tous partagent une passion commune : le design durable et innovant.\u00a0<\/b><\/h5>\t\t\t\t\t\t\t\t<\/div>\n\t\t\t\t<\/div>\n\t\t\t\t<div class=\"elementor-element elementor-element-4501d47 elementor-widget elementor-widget-spacer\" data-id=\"4501d47\" data-element_type=\"widget\" data-e-type=\"widget\" data-widget_type=\"spacer.default\">\n\t\t\t\t<div class=\"elementor-widget-container\">\n\t\t\t\t\t\t\t<div class=\"elementor-spacer\">\n\t\t\t<div class=\"elementor-spacer-inner\"><\/div>\n\t\t<\/div>\n\t\t\t\t\t\t<\/div>\n\t\t\t\t<\/div>\n\t\t\t\t\t<\/div>\n\t\t\t\t<\/div>\n\t\t\t\t\t<\/div>\n\t\t\t\t<\/div>\n\t\t<div class=\"elementor-element elementor-element-867009c e-flex e-con-boxed e-con e-parent\" data-id=\"867009c\" data-element_type=\"container\" data-e-type=\"container\">\n\t\t\t\t\t<div class=\"e-con-inner\">\n\t\t<div class=\"elementor-element elementor-element-8c35a3f e-flex e-con-boxed e-con e-child\" data-id=\"8c35a3f\" data-element_type=\"container\" data-e-type=\"container\">\n\t\t\t\t\t<div class=\"e-con-inner\">\n\t\t\t\t<div class=\"elementor-element elementor-element-6a87d7b elementor-widget elementor-widget-text-editor\" data-id=\"6a87d7b\" data-element_type=\"widget\" data-e-type=\"widget\" data-widget_type=\"text-editor.default\">\n\t\t\t\t<div class=\"elementor-widget-container\">\n\t\t\t\t\t\t\t\t\t<p>Cette ann\u00e9e encore, le jury des <a href=\"https:\/\/design.awards.verallia.fr\/fr\/\">Verallia Design Awards<\/a> rassemble des profils compl\u00e9mentaires et engag\u00e9s, pr\u00eats \u00e0 challenger la cr\u00e9ativit\u00e9 des \u00e9tudiants et jeunes dipl\u00f4m\u00e9s.<\/p>\t\t\t\t\t\t\t\t<\/div>\n\t\t\t\t<\/div>\n\t\t\t\t<div class=\"elementor-element elementor-element-fb64e73 elementor-widget elementor-widget-text-editor\" data-id=\"fb64e73\" data-element_type=\"widget\" data-e-type=\"widget\" data-widget_type=\"text-editor.default\">\n\t\t\t\t<div class=\"elementor-widget-container\">\n\t\t\t\t\t\t\t\t\t<h5>Leur mission :<\/h5>\t\t\t\t\t\t\t\t<\/div>\n\t\t\t\t<\/div>\n\t\t\t\t<div class=\"elementor-element elementor-element-412573a elementor-widget elementor-widget-text-editor\" data-id=\"412573a\" data-element_type=\"widget\" data-e-type=\"widget\" data-widget_type=\"text-editor.default\">\n\t\t\t\t<div class=\"elementor-widget-container\">\n\t\t\t\t\t\t\t\t\t<p>\u00a0Analyser, \u00e9valuer et d\u00e9partager les projets d\u00e9pos\u00e9s par les \u00e9tudiants dans les diff\u00e9rentes cat\u00e9gories du concours :<\/p><ul><li>Vin ros\u00e9<\/li><li>Spiritueux blanc<\/li><li>Spiritueux ambr\u00e9<\/li><li>D\u00e9cor\u00a0<\/li><\/ul><p>Cr\u00e9ativit\u00e9, respect de la th\u00e9matique, faisabilit\u00e9 industrielle et engagement environnemental seront au coeur de leurs crit\u00e8res d&#8217;\u00e9valuation. Pour rappel, le th\u00e8me de cette ann\u00e9e : &#8220;<a href=\"https:\/\/design.awards.verallia.fr\/fr\/le-concours-2025\/\">Le verre Funky et engag\u00e9 : l&#8217;audace du design au service de la durabilit\u00e9<\/a>&#8220;. Un sujet qui invite \u00e0 casser les codes, oser des formes in\u00e9dites et proposer des designs responsables et cr\u00e9atifs.<\/p>\t\t\t\t\t\t\t\t<\/div>\n\t\t\t\t<\/div>\n\t\t\t\t\t<\/div>\n\t\t\t\t<\/div>\n\t\t\t\t\t<\/div>\n\t\t\t\t<\/div>\n\t\t<div class=\"elementor-element elementor-element-90fcda0 e-flex e-con-boxed e-con e-parent\" data-id=\"90fcda0\" data-element_type=\"container\" data-e-type=\"container\">\n\t\t\t\t\t<div class=\"e-con-inner\">\n\t\t\t\t<div class=\"elementor-element elementor-element-5163660 elementor-widget elementor-widget-spacer\" data-id=\"5163660\" data-element_type=\"widget\" data-e-type=\"widget\" data-widget_type=\"spacer.default\">\n\t\t\t\t<div class=\"elementor-widget-container\">\n\t\t\t\t\t\t\t<div class=\"elementor-spacer\">\n\t\t\t<div class=\"elementor-spacer-inner\"><\/div>\n\t\t<\/div>\n\t\t\t\t\t\t<\/div>\n\t\t\t\t<\/div>\n\t\t\t\t\t<\/div>\n\t\t\t\t<\/div>\n\t\t<div class=\"elementor-element elementor-element-9839d81 e-flex e-con-boxed e-con e-parent\" data-id=\"9839d81\" data-element_type=\"container\" data-e-type=\"container\">\n\t\t\t\t\t<div class=\"e-con-inner\">\n\t\t<div class=\"elementor-element elementor-element-a91d9e8 e-con-full e-flex e-con e-child\" data-id=\"a91d9e8\" data-element_type=\"container\" data-e-type=\"container\">\n\t\t\t\t<div class=\"elementor-element elementor-element-181da80 elementor-widget elementor-widget-image\" data-id=\"181da80\" data-element_type=\"widget\" data-e-type=\"widget\" data-widget_type=\"image.default\">\n\t\t\t\t<div class=\"elementor-widget-container\">\n\t\t\t\t\t\t\t\t\t\t\t\t\t\t\t<img decoding=\"async\" src=\"https:\/\/design.awards.verallia.fr\/wp-content\/uploads\/2025\/05\/mathilde-boulachin-1-scaled.jpg\" title=\"\" alt=\"\" loading=\"lazy\" \/>\t\t\t\t\t\t\t\t\t\t\t\t\t\t\t<\/div>\n\t\t\t\t<\/div>\n\t\t\t\t<\/div>\n\t\t<div class=\"elementor-element elementor-element-95e042e e-con-full e-flex e-con e-child\" data-id=\"95e042e\" data-element_type=\"container\" data-e-type=\"container\">\n\t\t\t\t<div class=\"elementor-element elementor-element-23eb994 elementor-widget elementor-widget-image\" data-id=\"23eb994\" data-element_type=\"widget\" data-e-type=\"widget\" data-widget_type=\"image.default\">\n\t\t\t\t<div class=\"elementor-widget-container\">\n\t\t\t\t\t\t\t\t\t\t\t\t\t\t\t<img decoding=\"async\" src=\"https:\/\/design.awards.verallia.fr\/wp-content\/uploads\/2025\/05\/capture.png\" title=\"\" alt=\"\" loading=\"lazy\" \/>\t\t\t\t\t\t\t\t\t\t\t\t\t\t\t<\/div>\n\t\t\t\t<\/div>\n\t\t\t\t<\/div>\n\t\t<div class=\"elementor-element elementor-element-4257e8e e-con-full e-flex e-con e-child\" data-id=\"4257e8e\" data-element_type=\"container\" data-e-type=\"container\">\n\t\t\t\t<div class=\"elementor-element elementor-element-1fb0644 elementor-widget elementor-widget-image\" data-id=\"1fb0644\" data-element_type=\"widget\" data-e-type=\"widget\" data-widget_type=\"image.default\">\n\t\t\t\t<div class=\"elementor-widget-container\">\n\t\t\t\t\t\t\t\t\t\t\t\t\t\t\t<img decoding=\"async\" src=\"https:\/\/design.awards.verallia.fr\/wp-content\/uploads\/2025\/05\/quentin-paille.jpg\" title=\"\" alt=\"\" loading=\"lazy\" \/>\t\t\t\t\t\t\t\t\t\t\t\t\t\t\t<\/div>\n\t\t\t\t<\/div>\n\t\t\t\t<\/div>\n\t\t<div class=\"elementor-element elementor-element-685a510 e-con-full e-flex e-con e-child\" data-id=\"685a510\" data-element_type=\"container\" data-e-type=\"container\">\n\t\t\t\t<div class=\"elementor-element elementor-element-4123145 elementor-widget elementor-widget-text-editor\" data-id=\"4123145\" data-element_type=\"widget\" data-e-type=\"widget\" data-widget_type=\"text-editor.default\">\n\t\t\t\t<div class=\"elementor-widget-container\">\n\t\t\t\t\t\t\t\t\t<p><strong>Mathilde BOULACHIN<\/strong><\/p><p>Pr\u00e9sidente<\/p><p>Pierre Chavin<\/p>\t\t\t\t\t\t\t\t<\/div>\n\t\t\t\t<\/div>\n\t\t\t\t<div class=\"elementor-element elementor-element-98f5746 elementor-widget elementor-widget-image\" data-id=\"98f5746\" data-element_type=\"widget\" data-e-type=\"widget\" data-widget_type=\"image.default\">\n\t\t\t\t<div class=\"elementor-widget-container\">\n\t\t\t\t\t\t\t\t\t\t\t\t\t\t\t\t<a href=\"https:\/\/www.linkedin.com\/in\/mathildeboulachin\/\">\n\t\t\t\t\t\t\t<img decoding=\"async\" src=\"https:\/\/design.awards.verallia.fr\/wp-content\/uploads\/2025\/05\/invitation-remise-des-prix-2-1.png\" title=\"\" alt=\"\" loading=\"lazy\" \/>\t\t\t\t\t\t\t\t<\/a>\n\t\t\t\t\t\t\t\t\t\t\t\t\t\t\t<\/div>\n\t\t\t\t<\/div>\n\t\t\t\t<\/div>\n\t\t<div class=\"elementor-element elementor-element-7b9d36b e-con-full e-flex e-con e-child\" data-id=\"7b9d36b\" data-element_type=\"container\" data-e-type=\"container\">\n\t\t\t\t<div class=\"elementor-element elementor-element-ddbf21c elementor-widget elementor-widget-text-editor\" data-id=\"ddbf21c\" data-element_type=\"widget\" data-e-type=\"widget\" data-widget_type=\"text-editor.default\">\n\t\t\t\t<div class=\"elementor-widget-container\">\n\t\t\t\t\t\t\t\t\t<p><strong>Audrey ARINO<\/strong><\/p>\n<p>Responsable Marketing<\/p>\n<p>Les Vignobles Foncalieu<\/p>\t\t\t\t\t\t\t\t<\/div>\n\t\t\t\t<\/div>\n\t\t\t\t<div class=\"elementor-element elementor-element-e12d6f0 elementor-widget elementor-widget-image\" data-id=\"e12d6f0\" data-element_type=\"widget\" data-e-type=\"widget\" data-widget_type=\"image.default\">\n\t\t\t\t<div class=\"elementor-widget-container\">\n\t\t\t\t\t\t\t\t\t\t\t\t\t\t\t\t<a href=\"https:\/\/www.linkedin.com\/in\/audrey-arino-42a42662\/\">\n\t\t\t\t\t\t\t<img decoding=\"async\" src=\"https:\/\/design.awards.verallia.fr\/wp-content\/uploads\/2025\/05\/invitation-remise-des-prix-2-1.png\" title=\"\" alt=\"\" loading=\"lazy\" \/>\t\t\t\t\t\t\t\t<\/a>\n\t\t\t\t\t\t\t\t\t\t\t\t\t\t\t<\/div>\n\t\t\t\t<\/div>\n\t\t\t\t<\/div>\n\t\t<div class=\"elementor-element elementor-element-cae3fdc e-con-full e-flex e-con e-child\" data-id=\"cae3fdc\" data-element_type=\"container\" data-e-type=\"container\">\n\t\t\t\t<div class=\"elementor-element elementor-element-b90919d elementor-widget elementor-widget-text-editor\" data-id=\"b90919d\" data-element_type=\"widget\" data-e-type=\"widget\" data-widget_type=\"text-editor.default\">\n\t\t\t\t<div class=\"elementor-widget-container\">\n\t\t\t\t\t\t\t\t\t<p><b>Quentin PAILLE<\/b><\/p><p>Journaliste<\/p><p>Emballage magazine<\/p>\t\t\t\t\t\t\t\t<\/div>\n\t\t\t\t<\/div>\n\t\t\t\t<div class=\"elementor-element elementor-element-183e7bb elementor-widget elementor-widget-image\" data-id=\"183e7bb\" data-element_type=\"widget\" data-e-type=\"widget\" data-widget_type=\"image.default\">\n\t\t\t\t<div class=\"elementor-widget-container\">\n\t\t\t\t\t\t\t\t\t\t\t\t\t\t\t\t<a href=\"https:\/\/www.linkedin.com\/in\/quentin-paill%C3%A9-6204a58a\/\">\n\t\t\t\t\t\t\t<img decoding=\"async\" src=\"https:\/\/design.awards.verallia.fr\/wp-content\/uploads\/2025\/05\/invitation-remise-des-prix-2-1.png\" title=\"\" alt=\"\" loading=\"lazy\" \/>\t\t\t\t\t\t\t\t<\/a>\n\t\t\t\t\t\t\t\t\t\t\t\t\t\t\t<\/div>\n\t\t\t\t<\/div>\n\t\t\t\t<\/div>\n\t\t\t\t\t<\/div>\n\t\t\t\t<\/div>\n\t\t<div class=\"elementor-element elementor-element-296c661 e-flex e-con-boxed e-con e-parent\" data-id=\"296c661\" data-element_type=\"container\" data-e-type=\"container\">\n\t\t\t\t\t<div class=\"e-con-inner\">\n\t\t\t\t<div class=\"elementor-element elementor-element-29cb3b1 elementor-widget elementor-widget-spacer\" data-id=\"29cb3b1\" data-element_type=\"widget\" data-e-type=\"widget\" data-widget_type=\"spacer.default\">\n\t\t\t\t<div class=\"elementor-widget-container\">\n\t\t\t\t\t\t\t<div class=\"elementor-spacer\">\n\t\t\t<div class=\"elementor-spacer-inner\"><\/div>\n\t\t<\/div>\n\t\t\t\t\t\t<\/div>\n\t\t\t\t<\/div>\n\t\t\t\t<div class=\"elementor-element elementor-element-99b4ab3 elementor-widget elementor-widget-spacer\" data-id=\"99b4ab3\" data-element_type=\"widget\" data-e-type=\"widget\" data-widget_type=\"spacer.default\">\n\t\t\t\t<div class=\"elementor-widget-container\">\n\t\t\t\t\t\t\t<div class=\"elementor-spacer\">\n\t\t\t<div class=\"elementor-spacer-inner\"><\/div>\n\t\t<\/div>\n\t\t\t\t\t\t<\/div>\n\t\t\t\t<\/div>\n\t\t\t\t\t<\/div>\n\t\t\t\t<\/div>\n\t\t<div class=\"elementor-element elementor-element-6f5f55d e-flex e-con-boxed e-con e-parent\" data-id=\"6f5f55d\" data-element_type=\"container\" data-e-type=\"container\">\n\t\t\t\t\t<div class=\"e-con-inner\">\n\t\t<div class=\"elementor-element elementor-element-2bc2b8d e-con-full e-flex e-con e-child\" data-id=\"2bc2b8d\" data-element_type=\"container\" data-e-type=\"container\">\n\t\t\t\t<div class=\"elementor-element elementor-element-29faead elementor-widget elementor-widget-image\" data-id=\"29faead\" data-element_type=\"widget\" data-e-type=\"widget\" data-widget_type=\"image.default\">\n\t\t\t\t<div class=\"elementor-widget-container\">\n\t\t\t\t\t\t\t\t\t\t\t\t\t\t\t<img decoding=\"async\" src=\"https:\/\/design.awards.verallia.fr\/wp-content\/uploads\/2025\/05\/anne-lise-kervarec.jpg\" title=\"\" alt=\"\" loading=\"lazy\" \/>\t\t\t\t\t\t\t\t\t\t\t\t\t\t\t<\/div>\n\t\t\t\t<\/div>\n\t\t\t\t<\/div>\n\t\t<div class=\"elementor-element elementor-element-0a10fc1 e-con-full e-flex e-con e-child\" data-id=\"0a10fc1\" data-element_type=\"container\" data-e-type=\"container\">\n\t\t\t\t<div class=\"elementor-element elementor-element-963f1d6 elementor-widget elementor-widget-image\" data-id=\"963f1d6\" data-element_type=\"widget\" data-e-type=\"widget\" data-widget_type=\"image.default\">\n\t\t\t\t<div class=\"elementor-widget-container\">\n\t\t\t\t\t\t\t\t\t\t\t\t\t\t\t<img decoding=\"async\" src=\"https:\/\/design.awards.verallia.fr\/wp-content\/uploads\/2025\/05\/lise-mannevy.jpg\" title=\"\" alt=\"\" loading=\"lazy\" \/>\t\t\t\t\t\t\t\t\t\t\t\t\t\t\t<\/div>\n\t\t\t\t<\/div>\n\t\t\t\t<\/div>\n\t\t<div class=\"elementor-element elementor-element-75072bd e-con-full e-flex e-con e-child\" data-id=\"75072bd\" data-element_type=\"container\" data-e-type=\"container\">\n\t\t\t\t<div class=\"elementor-element elementor-element-b7dcf2a elementor-widget elementor-widget-image\" data-id=\"b7dcf2a\" data-element_type=\"widget\" data-e-type=\"widget\" data-widget_type=\"image.default\">\n\t\t\t\t<div class=\"elementor-widget-container\">\n\t\t\t\t\t\t\t\t\t\t\t\t\t\t\t<img decoding=\"async\" src=\"https:\/\/design.awards.verallia.fr\/wp-content\/uploads\/2025\/05\/katherine-nichol-scaled.jpg\" title=\"\" alt=\"\" loading=\"lazy\" \/>\t\t\t\t\t\t\t\t\t\t\t\t\t\t\t<\/div>\n\t\t\t\t<\/div>\n\t\t\t\t<\/div>\n\t\t<div class=\"elementor-element elementor-element-06a7d98 e-con-full e-flex e-con e-child\" data-id=\"06a7d98\" data-element_type=\"container\" data-e-type=\"container\">\n\t\t\t\t<div class=\"elementor-element elementor-element-525bfbc elementor-widget elementor-widget-text-editor\" data-id=\"525bfbc\" data-element_type=\"widget\" data-e-type=\"widget\" data-widget_type=\"text-editor.default\">\n\t\t\t\t<div class=\"elementor-widget-container\">\n\t\t\t\t\t\t\t\t\t<p><b>Anne-Lise KERVAREC<\/b><\/p><p>Responsable marketing<\/p><p>Maison Jeanjean<\/p>\t\t\t\t\t\t\t\t<\/div>\n\t\t\t\t<\/div>\n\t\t\t\t<div class=\"elementor-element elementor-element-168b98d elementor-widget elementor-widget-image\" data-id=\"168b98d\" data-element_type=\"widget\" data-e-type=\"widget\" data-widget_type=\"image.default\">\n\t\t\t\t<div class=\"elementor-widget-container\">\n\t\t\t\t\t\t\t\t\t\t\t\t\t\t\t\t<a href=\"https:\/\/www.linkedin.com\/in\/anne-lise-kervarec-07b9a2a\/\">\n\t\t\t\t\t\t\t<img decoding=\"async\" src=\"https:\/\/design.awards.verallia.fr\/wp-content\/uploads\/2025\/05\/invitation-remise-des-prix-2-1.png\" title=\"\" alt=\"\" loading=\"lazy\" \/>\t\t\t\t\t\t\t\t<\/a>\n\t\t\t\t\t\t\t\t\t\t\t\t\t\t\t<\/div>\n\t\t\t\t<\/div>\n\t\t\t\t<\/div>\n\t\t<div class=\"elementor-element elementor-element-8bffd7b e-con-full e-flex e-con e-child\" data-id=\"8bffd7b\" data-element_type=\"container\" data-e-type=\"container\">\n\t\t\t\t<div class=\"elementor-element elementor-element-158d4f9 elementor-widget elementor-widget-text-editor\" data-id=\"158d4f9\" data-element_type=\"widget\" data-e-type=\"widget\" data-widget_type=\"text-editor.default\">\n\t\t\t\t<div class=\"elementor-widget-container\">\n\t\t\t\t\t\t\t\t\t<p><b>Lise MANNEVY<\/b><\/p><p>Correspondante RSE\u00a0<\/p><p>R\u00e9my Cointreau<\/p>\t\t\t\t\t\t\t\t<\/div>\n\t\t\t\t<\/div>\n\t\t\t\t<div class=\"elementor-element elementor-element-a6cfd0b elementor-widget elementor-widget-image\" data-id=\"a6cfd0b\" data-element_type=\"widget\" data-e-type=\"widget\" data-widget_type=\"image.default\">\n\t\t\t\t<div class=\"elementor-widget-container\">\n\t\t\t\t\t\t\t\t\t\t\t\t\t\t\t\t<a href=\"https:\/\/www.linkedin.com\/in\/lise-mannevy-31a6514\/\">\n\t\t\t\t\t\t\t<img decoding=\"async\" src=\"https:\/\/design.awards.verallia.fr\/wp-content\/uploads\/2025\/05\/invitation-remise-des-prix-2-1.png\" title=\"\" alt=\"\" loading=\"lazy\" \/>\t\t\t\t\t\t\t\t<\/a>\n\t\t\t\t\t\t\t\t\t\t\t\t\t\t\t<\/div>\n\t\t\t\t<\/div>\n\t\t\t\t<\/div>\n\t\t<div class=\"elementor-element elementor-element-e40568f e-con-full e-flex e-con e-child\" data-id=\"e40568f\" data-element_type=\"container\" data-e-type=\"container\">\n\t\t\t\t<div class=\"elementor-element elementor-element-fb4da61 elementor-widget elementor-widget-text-editor\" data-id=\"fb4da61\" data-element_type=\"widget\" data-e-type=\"widget\" data-widget_type=\"text-editor.default\">\n\t\t\t\t<div class=\"elementor-widget-container\">\n\t\t\t\t\t\t\t\t\t<p><b>Katherine NICHOL<\/b><\/p><p>Journaliste<\/p><p>Formes de luxe<\/p>\t\t\t\t\t\t\t\t<\/div>\n\t\t\t\t<\/div>\n\t\t\t\t<div class=\"elementor-element elementor-element-1fe6495 elementor-widget elementor-widget-image\" data-id=\"1fe6495\" data-element_type=\"widget\" data-e-type=\"widget\" data-widget_type=\"image.default\">\n\t\t\t\t<div class=\"elementor-widget-container\">\n\t\t\t\t\t\t\t\t\t\t\t\t\t\t\t<img decoding=\"async\" src=\"https:\/\/design.awards.verallia.fr\/wp-content\/uploads\/2025\/05\/invitation-remise-des-prix-2-1.png\" title=\"\" alt=\"\" loading=\"lazy\" \/>\t\t\t\t\t\t\t\t\t\t\t\t\t\t\t<\/div>\n\t\t\t\t<\/div>\n\t\t\t\t<\/div>\n\t\t\t\t\t<\/div>\n\t\t\t\t<\/div>\n\t\t<div class=\"elementor-element elementor-element-d47771a e-flex e-con-boxed e-con e-parent\" data-id=\"d47771a\" data-element_type=\"container\" data-e-type=\"container\">\n\t\t\t\t\t<div class=\"e-con-inner\">\n\t\t\t\t<div class=\"elementor-element elementor-element-71e0303 elementor-widget elementor-widget-spacer\" data-id=\"71e0303\" data-element_type=\"widget\" data-e-type=\"widget\" data-widget_type=\"spacer.default\">\n\t\t\t\t<div class=\"elementor-widget-container\">\n\t\t\t\t\t\t\t<div class=\"elementor-spacer\">\n\t\t\t<div class=\"elementor-spacer-inner\"><\/div>\n\t\t<\/div>\n\t\t\t\t\t\t<\/div>\n\t\t\t\t<\/div>\n\t\t\t\t<div class=\"elementor-element elementor-element-4b605c3 elementor-widget elementor-widget-spacer\" data-id=\"4b605c3\" data-element_type=\"widget\" data-e-type=\"widget\" data-widget_type=\"spacer.default\">\n\t\t\t\t<div class=\"elementor-widget-container\">\n\t\t\t\t\t\t\t<div class=\"elementor-spacer\">\n\t\t\t<div class=\"elementor-spacer-inner\"><\/div>\n\t\t<\/div>\n\t\t\t\t\t\t<\/div>\n\t\t\t\t<\/div>\n\t\t\t\t\t<\/div>\n\t\t\t\t<\/div>\n\t\t<div class=\"elementor-element elementor-element-f601f8a e-flex e-con-boxed e-con e-parent\" data-id=\"f601f8a\" data-element_type=\"container\" data-e-type=\"container\">\n\t\t\t\t\t<div class=\"e-con-inner\">\n\t\t\t\t<div class=\"elementor-element elementor-element-31270a1 elementor-widget__width-initial elementor-widget elementor-widget-image\" data-id=\"31270a1\" data-element_type=\"widget\" data-e-type=\"widget\" data-widget_type=\"image.default\">\n\t\t\t\t<div class=\"elementor-widget-container\">\n\t\t\t\t\t\t\t\t\t\t\t\t\t\t\t<img decoding=\"async\" src=\"https:\/\/design.awards.verallia.fr\/wp-content\/uploads\/2025\/05\/sylvie-amar.jpg\" title=\"\" alt=\"\" loading=\"lazy\" \/>\t\t\t\t\t\t\t\t\t\t\t\t\t\t\t<\/div>\n\t\t\t\t<\/div>\n\t\t\t\t\t<\/div>\n\t\t\t\t<\/div>\n\t\t<div class=\"elementor-element elementor-element-1faf6e8 e-flex e-con-boxed e-con e-parent\" data-id=\"1faf6e8\" data-element_type=\"container\" data-e-type=\"container\">\n\t\t\t\t\t<div class=\"e-con-inner\">\n\t\t\t\t<div class=\"elementor-element elementor-element-567d313 elementor-widget elementor-widget-spacer\" data-id=\"567d313\" data-element_type=\"widget\" data-e-type=\"widget\" data-widget_type=\"spacer.default\">\n\t\t\t\t<div class=\"elementor-widget-container\">\n\t\t\t\t\t\t\t<div class=\"elementor-spacer\">\n\t\t\t<div class=\"elementor-spacer-inner\"><\/div>\n\t\t<\/div>\n\t\t\t\t\t\t<\/div>\n\t\t\t\t<\/div>\n\t\t\t\t<div class=\"elementor-element elementor-element-0cc6dd1 elementor-widget elementor-widget-text-editor\" data-id=\"0cc6dd1\" data-element_type=\"widget\" data-e-type=\"widget\" data-widget_type=\"text-editor.default\">\n\t\t\t\t<div class=\"elementor-widget-container\">\n\t\t\t\t\t\t\t\t\t<p><strong>Sylvie Amar<\/strong><\/p><p>Marraine de l&#8217;\u00e9dition<\/p><p>Designer, fondatrice de Food Design<\/p>\t\t\t\t\t\t\t\t<\/div>\n\t\t\t\t<\/div>\n\t\t\t\t<div class=\"elementor-element elementor-element-75a815b elementor-widget elementor-widget-image\" data-id=\"75a815b\" data-element_type=\"widget\" data-e-type=\"widget\" data-widget_type=\"image.default\">\n\t\t\t\t<div class=\"elementor-widget-container\">\n\t\t\t\t\t\t\t\t\t\t\t\t\t\t\t\t<a href=\"https:\/\/www.linkedin.com\/in\/sylvieamar\/\">\n\t\t\t\t\t\t\t<img decoding=\"async\" src=\"https:\/\/design.awards.verallia.fr\/wp-content\/uploads\/2025\/05\/invitation-remise-des-prix-2-1.png\" title=\"\" alt=\"\" loading=\"lazy\" \/>\t\t\t\t\t\t\t\t<\/a>\n\t\t\t\t\t\t\t\t\t\t\t\t\t\t\t<\/div>\n\t\t\t\t<\/div>\n\t\t\t\t<div class=\"elementor-element elementor-element-23a717f elementor-widget elementor-widget-spacer\" data-id=\"23a717f\" data-element_type=\"widget\" data-e-type=\"widget\" data-widget_type=\"spacer.default\">\n\t\t\t\t<div class=\"elementor-widget-container\">\n\t\t\t\t\t\t\t<div class=\"elementor-spacer\">\n\t\t\t<div class=\"elementor-spacer-inner\"><\/div>\n\t\t<\/div>\n\t\t\t\t\t\t<\/div>\n\t\t\t\t<\/div>\n\t\t\t\t<div class=\"elementor-element elementor-element-e7a1fd7 elementor-widget elementor-widget-text-editor\" data-id=\"e7a1fd7\" data-element_type=\"widget\" data-e-type=\"widget\" data-widget_type=\"text-editor.default\">\n\t\t\t\t<div class=\"elementor-widget-container\">\n\t\t\t\t\t\t\t\t\t<h5>Prochaines \u00e9tapes :<\/h5>\t\t\t\t\t\t\t\t<\/div>\n\t\t\t\t<\/div>\n\t\t\t\t<div class=\"elementor-element elementor-element-15554e4 elementor-widget elementor-widget-text-editor\" data-id=\"15554e4\" data-element_type=\"widget\" data-e-type=\"widget\" data-widget_type=\"text-editor.default\">\n\t\t\t\t<div class=\"elementor-widget-container\">\n\t\t\t\t\t\t\t\t\t<p>Le 20 mai prochain, ils se r\u00e9uniront au si\u00e8ge de Verallia France, \u00e0 la D\u00e9fense, pour une journ\u00e9e de <a href=\"https:\/\/design.awards.verallia.fr\/fr\/la-deliberation-de-jury-2024-un-moment-de-creativite-et-dinnovation\/\">d\u00e9lib\u00e9ration <\/a>o\u00f9 chaque projet sera d\u00e9fendu et d\u00e9battu collectivement. C&#8217;est \u00e0 l&#8217;issue de ce moment cl\u00e9 que sont d\u00e9sign\u00e9s les laur\u00e9ats de cette 16\u00e8me \u00e9dition. Les laur\u00e9ats seront ensuite d\u00e9voil\u00e9s le 27 juin lors de la grande remise des prix, un moment toujours attendu par les employ\u00e9s de Verallia et les partenaires du concours.<\/p>\t\t\t\t\t\t\t\t<\/div>\n\t\t\t\t<\/div>\n\t\t\t\t<div class=\"elementor-element elementor-element-8d418a6 elementor-align-center elementor-widget elementor-widget-button\" data-id=\"8d418a6\" data-element_type=\"widget\" data-e-type=\"widget\" data-widget_type=\"button.default\">\n\t\t\t\t<div class=\"elementor-widget-container\">\n\t\t\t\t\t\t\t\t\t<div class=\"elementor-button-wrapper\">\n\t\t\t\t\t<a class=\"elementor-button elementor-button-link elementor-size-sm\" href=\"https:\/\/design.awards.verallia.fr\/fr\/la-deliberation-de-jury-2024-un-moment-de-creativite-et-dinnovation\/\">\n\t\t\t\t\t\t<span class=\"elementor-button-content-wrapper\">\n\t\t\t\t\t\t\t\t\t<span class=\"elementor-button-text\">D\u00e9lib\u00e9ration du jury 2024<\/span>\n\t\t\t\t\t<\/span>\n\t\t\t\t\t<\/a>\n\t\t\t\t<\/div>\n\t\t\t\t\t\t\t\t<\/div>\n\t\t\t\t<\/div>\n\t\t\t\t\t<\/div>\n\t\t\t\t<\/div>\n\t\t\t\t<\/div>\n\t\t","protected":false},"excerpt":{"rendered":"<p>Ils sont designers, journalistes, experts du packaging ou encore responsables RSE. Tous partagent une passion commune : le design durable et innovant.\u00a0 Cette ann\u00e9e encore, le jury des Verallia Design Awards rassemble des profils compl\u00e9mentaires et engag\u00e9s, pr\u00eats \u00e0 challenger la cr\u00e9ativit\u00e9 des \u00e9tudiants et jeunes dipl\u00f4m\u00e9s. Leur mission : \u00a0Analyser, \u00e9valuer et d\u00e9partager les [&hellip;]<\/p>\n","protected":false},"author":4215,"featured_media":0,"comment_status":"closed","ping_status":"closed","sticky":false,"template":"","format":"standard","meta":{"_acf_changed":false,"footnotes":""},"categories":[23],"tags":[],"class_list":["post-97571","post","type-post","status-publish","format-standard","hentry","category-verallia"],"acf":[],"yoast_head":"<!-- This site is optimized with the Yoast SEO plugin v27.3 - https:\/\/yoast.com\/product\/yoast-seo-wordpress\/ -->\n<title>Focus sur le jury de la 16\u00e8me \u00e9dition - Verallia Design Awards<\/title>\n<meta name=\"robots\" content=\"index, follow, max-snippet:-1, max-image-preview:large, max-video-preview:-1\" \/>\n<link rel=\"canonical\" href=\"https:\/\/design.awards.verallia.fr\/fr\/focus-sur-le-jury-de-la-16eme-edition\/\" \/>\n<meta property=\"og:locale\" content=\"fr_FR\" \/>\n<meta property=\"og:type\" content=\"article\" \/>\n<meta property=\"og:title\" content=\"Focus sur le jury de la 16\u00e8me \u00e9dition - Verallia Design Awards\" \/>\n<meta property=\"og:description\" content=\"Ils sont designers, journalistes, experts du packaging ou encore responsables RSE. Tous partagent une passion commune : le design durable et innovant.\u00a0 Cette ann\u00e9e encore, le jury des Verallia Design Awards rassemble des profils compl\u00e9mentaires et engag\u00e9s, pr\u00eats \u00e0 challenger la cr\u00e9ativit\u00e9 des \u00e9tudiants et jeunes dipl\u00f4m\u00e9s. Leur mission : \u00a0Analyser, \u00e9valuer et d\u00e9partager les [&hellip;]\" \/>\n<meta property=\"og:url\" content=\"https:\/\/design.awards.verallia.fr\/fr\/focus-sur-le-jury-de-la-16eme-edition\/\" \/>\n<meta property=\"og:site_name\" content=\"Verallia Design Awards\" \/>\n<meta property=\"article:published_time\" content=\"2025-05-06T11:32:05+00:00\" \/>\n<meta property=\"article:modified_time\" content=\"2025-10-28T16:02:50+00:00\" \/>\n<meta property=\"og:image\" content=\"https:\/\/design.awards.verallia.fr\/wp-content\/uploads\/elementor\/thumbs\/mathilde-boulachin-1-scaled-r5estreu5i3j7xbmntemxjm1mihwadzi3hnajnyswg.jpg\" \/>\n<meta name=\"twitter:card\" content=\"summary_large_image\" \/>\n<meta name=\"twitter:label1\" content=\"\u00c9crit par\" \/>\n\t<meta name=\"twitter:data1\" content=\"\" \/>\n\t<meta name=\"twitter:label2\" content=\"Dur\u00e9e de lecture estim\u00e9e\" \/>\n\t<meta name=\"twitter:data2\" content=\"5 minutes\" \/>\n<script type=\"application\/ld+json\" class=\"yoast-schema-graph\">{\"@context\":\"https:\\\/\\\/schema.org\",\"@graph\":[{\"@type\":\"Article\",\"@id\":\"https:\\\/\\\/design.awards.verallia.fr\\\/fr\\\/focus-sur-le-jury-de-la-16eme-edition\\\/#article\",\"isPartOf\":{\"@id\":\"https:\\\/\\\/design.awards.verallia.fr\\\/fr\\\/focus-sur-le-jury-de-la-16eme-edition\\\/\"},\"author\":{\"name\":\"\",\"@id\":\"\"},\"headline\":\"Focus sur le jury de la 16\u00e8me \u00e9dition\",\"datePublished\":\"2025-05-06T11:32:05+00:00\",\"dateModified\":\"2025-10-28T16:02:50+00:00\",\"mainEntityOfPage\":{\"@id\":\"https:\\\/\\\/design.awards.verallia.fr\\\/fr\\\/focus-sur-le-jury-de-la-16eme-edition\\\/\"},\"wordCount\":296,\"publisher\":{\"@id\":\"https:\\\/\\\/design.awards.verallia.fr\\\/fr\\\/#organization\"},\"image\":{\"@id\":\"https:\\\/\\\/design.awards.verallia.fr\\\/fr\\\/focus-sur-le-jury-de-la-16eme-edition\\\/#primaryimage\"},\"thumbnailUrl\":\"https:\\\/\\\/design.awards.verallia.fr\\\/wp-content\\\/uploads\\\/elementor\\\/thumbs\\\/mathilde-boulachin-1-scaled-r5estreu5i3j7xbmntemxjm1mihwadzi3hnajnyswg.jpg\",\"articleSection\":[\"Verallia\"],\"inLanguage\":\"fr-FR\"},{\"@type\":\"WebPage\",\"@id\":\"https:\\\/\\\/design.awards.verallia.fr\\\/fr\\\/focus-sur-le-jury-de-la-16eme-edition\\\/\",\"url\":\"https:\\\/\\\/design.awards.verallia.fr\\\/fr\\\/focus-sur-le-jury-de-la-16eme-edition\\\/\",\"name\":\"Focus sur le jury de la 16\u00e8me \u00e9dition - Verallia Design Awards\",\"isPartOf\":{\"@id\":\"https:\\\/\\\/design.awards.verallia.fr\\\/fr\\\/#website\"},\"primaryImageOfPage\":{\"@id\":\"https:\\\/\\\/design.awards.verallia.fr\\\/fr\\\/focus-sur-le-jury-de-la-16eme-edition\\\/#primaryimage\"},\"image\":{\"@id\":\"https:\\\/\\\/design.awards.verallia.fr\\\/fr\\\/focus-sur-le-jury-de-la-16eme-edition\\\/#primaryimage\"},\"thumbnailUrl\":\"https:\\\/\\\/design.awards.verallia.fr\\\/wp-content\\\/uploads\\\/elementor\\\/thumbs\\\/mathilde-boulachin-1-scaled-r5estreu5i3j7xbmntemxjm1mihwadzi3hnajnyswg.jpg\",\"datePublished\":\"2025-05-06T11:32:05+00:00\",\"dateModified\":\"2025-10-28T16:02:50+00:00\",\"breadcrumb\":{\"@id\":\"https:\\\/\\\/design.awards.verallia.fr\\\/fr\\\/focus-sur-le-jury-de-la-16eme-edition\\\/#breadcrumb\"},\"inLanguage\":\"fr-FR\",\"potentialAction\":[{\"@type\":\"ReadAction\",\"target\":[\"https:\\\/\\\/design.awards.verallia.fr\\\/fr\\\/focus-sur-le-jury-de-la-16eme-edition\\\/\"]}]},{\"@type\":\"ImageObject\",\"inLanguage\":\"fr-FR\",\"@id\":\"https:\\\/\\\/design.awards.verallia.fr\\\/fr\\\/focus-sur-le-jury-de-la-16eme-edition\\\/#primaryimage\",\"url\":\"https:\\\/\\\/design.awards.verallia.fr\\\/wp-content\\\/uploads\\\/elementor\\\/thumbs\\\/mathilde-boulachin-1-scaled-r5estreu5i3j7xbmntemxjm1mihwadzi3hnajnyswg.jpg\",\"contentUrl\":\"https:\\\/\\\/design.awards.verallia.fr\\\/wp-content\\\/uploads\\\/elementor\\\/thumbs\\\/mathilde-boulachin-1-scaled-r5estreu5i3j7xbmntemxjm1mihwadzi3hnajnyswg.jpg\"},{\"@type\":\"BreadcrumbList\",\"@id\":\"https:\\\/\\\/design.awards.verallia.fr\\\/fr\\\/focus-sur-le-jury-de-la-16eme-edition\\\/#breadcrumb\",\"itemListElement\":[{\"@type\":\"ListItem\",\"position\":1,\"name\":\"Accueil\",\"item\":\"https:\\\/\\\/design.awards.verallia.fr\\\/fr\\\/\"},{\"@type\":\"ListItem\",\"position\":2,\"name\":\"Focus sur le jury de la 16\u00e8me \u00e9dition\"}]},{\"@type\":\"WebSite\",\"@id\":\"https:\\\/\\\/design.awards.verallia.fr\\\/fr\\\/#website\",\"url\":\"https:\\\/\\\/design.awards.verallia.fr\\\/fr\\\/\",\"name\":\"Verallia Design Awards\",\"description\":\"Verallia Design Award, le concours de design du packaging en verre\",\"publisher\":{\"@id\":\"https:\\\/\\\/design.awards.verallia.fr\\\/fr\\\/#organization\"},\"potentialAction\":[{\"@type\":\"SearchAction\",\"target\":{\"@type\":\"EntryPoint\",\"urlTemplate\":\"https:\\\/\\\/design.awards.verallia.fr\\\/fr\\\/?s={search_term_string}\"},\"query-input\":{\"@type\":\"PropertyValueSpecification\",\"valueRequired\":true,\"valueName\":\"search_term_string\"}}],\"inLanguage\":\"fr-FR\"},{\"@type\":\"Organization\",\"@id\":\"https:\\\/\\\/design.awards.verallia.fr\\\/fr\\\/#organization\",\"name\":\"Verallia Design Awards\",\"url\":\"https:\\\/\\\/design.awards.verallia.fr\\\/fr\\\/\",\"logo\":{\"@type\":\"ImageObject\",\"inLanguage\":\"fr-FR\",\"@id\":\"https:\\\/\\\/design.awards.verallia.fr\\\/fr\\\/#\\\/schema\\\/logo\\\/image\\\/\",\"url\":\"https:\\\/\\\/design.awards.verallia.fr\\\/wp-content\\\/uploads\\\/2023\\\/05\\\/logo-small.png\",\"contentUrl\":\"https:\\\/\\\/design.awards.verallia.fr\\\/wp-content\\\/uploads\\\/2023\\\/05\\\/logo-small.png\",\"width\":198,\"height\":117,\"caption\":\"Verallia Design Awards\"},\"image\":{\"@id\":\"https:\\\/\\\/design.awards.verallia.fr\\\/fr\\\/#\\\/schema\\\/logo\\\/image\\\/\"}},{\"@type\":\"Person\",\"@id\":\"\",\"url\":\"https:\\\/\\\/design.awards.verallia.fr\"}]}<\/script>\n<!-- \/ Yoast SEO plugin. -->","yoast_head_json":{"title":"Focus sur le jury de la 16\u00e8me \u00e9dition - Verallia Design Awards","robots":{"index":"index","follow":"follow","max-snippet":"max-snippet:-1","max-image-preview":"max-image-preview:large","max-video-preview":"max-video-preview:-1"},"canonical":"https:\/\/design.awards.verallia.fr\/fr\/focus-sur-le-jury-de-la-16eme-edition\/","og_locale":"fr_FR","og_type":"article","og_title":"Focus sur le jury de la 16\u00e8me \u00e9dition - Verallia Design Awards","og_description":"Ils sont designers, journalistes, experts du packaging ou encore responsables RSE. Tous partagent une passion commune : le design durable et innovant.\u00a0 Cette ann\u00e9e encore, le jury des Verallia Design Awards rassemble des profils compl\u00e9mentaires et engag\u00e9s, pr\u00eats \u00e0 challenger la cr\u00e9ativit\u00e9 des \u00e9tudiants et jeunes dipl\u00f4m\u00e9s. Leur mission : \u00a0Analyser, \u00e9valuer et d\u00e9partager les [&hellip;]","og_url":"https:\/\/design.awards.verallia.fr\/fr\/focus-sur-le-jury-de-la-16eme-edition\/","og_site_name":"Verallia Design Awards","article_published_time":"2025-05-06T11:32:05+00:00","article_modified_time":"2025-10-28T16:02:50+00:00","og_image":[{"url":"https:\/\/design.awards.verallia.fr\/wp-content\/uploads\/elementor\/thumbs\/mathilde-boulachin-1-scaled-r5estreu5i3j7xbmntemxjm1mihwadzi3hnajnyswg.jpg","type":"","width":"","height":""}],"twitter_card":"summary_large_image","twitter_misc":{"\u00c9crit par":"","Dur\u00e9e de lecture estim\u00e9e":"5 minutes"},"schema":{"@context":"https:\/\/schema.org","@graph":[{"@type":"Article","@id":"https:\/\/design.awards.verallia.fr\/fr\/focus-sur-le-jury-de-la-16eme-edition\/#article","isPartOf":{"@id":"https:\/\/design.awards.verallia.fr\/fr\/focus-sur-le-jury-de-la-16eme-edition\/"},"author":{"name":"","@id":""},"headline":"Focus sur le jury de la 16\u00e8me \u00e9dition","datePublished":"2025-05-06T11:32:05+00:00","dateModified":"2025-10-28T16:02:50+00:00","mainEntityOfPage":{"@id":"https:\/\/design.awards.verallia.fr\/fr\/focus-sur-le-jury-de-la-16eme-edition\/"},"wordCount":296,"publisher":{"@id":"https:\/\/design.awards.verallia.fr\/fr\/#organization"},"image":{"@id":"https:\/\/design.awards.verallia.fr\/fr\/focus-sur-le-jury-de-la-16eme-edition\/#primaryimage"},"thumbnailUrl":"https:\/\/design.awards.verallia.fr\/wp-content\/uploads\/elementor\/thumbs\/mathilde-boulachin-1-scaled-r5estreu5i3j7xbmntemxjm1mihwadzi3hnajnyswg.jpg","articleSection":["Verallia"],"inLanguage":"fr-FR"},{"@type":"WebPage","@id":"https:\/\/design.awards.verallia.fr\/fr\/focus-sur-le-jury-de-la-16eme-edition\/","url":"https:\/\/design.awards.verallia.fr\/fr\/focus-sur-le-jury-de-la-16eme-edition\/","name":"Focus sur le jury de la 16\u00e8me \u00e9dition - Verallia Design Awards","isPartOf":{"@id":"https:\/\/design.awards.verallia.fr\/fr\/#website"},"primaryImageOfPage":{"@id":"https:\/\/design.awards.verallia.fr\/fr\/focus-sur-le-jury-de-la-16eme-edition\/#primaryimage"},"image":{"@id":"https:\/\/design.awards.verallia.fr\/fr\/focus-sur-le-jury-de-la-16eme-edition\/#primaryimage"},"thumbnailUrl":"https:\/\/design.awards.verallia.fr\/wp-content\/uploads\/elementor\/thumbs\/mathilde-boulachin-1-scaled-r5estreu5i3j7xbmntemxjm1mihwadzi3hnajnyswg.jpg","datePublished":"2025-05-06T11:32:05+00:00","dateModified":"2025-10-28T16:02:50+00:00","breadcrumb":{"@id":"https:\/\/design.awards.verallia.fr\/fr\/focus-sur-le-jury-de-la-16eme-edition\/#breadcrumb"},"inLanguage":"fr-FR","potentialAction":[{"@type":"ReadAction","target":["https:\/\/design.awards.verallia.fr\/fr\/focus-sur-le-jury-de-la-16eme-edition\/"]}]},{"@type":"ImageObject","inLanguage":"fr-FR","@id":"https:\/\/design.awards.verallia.fr\/fr\/focus-sur-le-jury-de-la-16eme-edition\/#primaryimage","url":"https:\/\/design.awards.verallia.fr\/wp-content\/uploads\/elementor\/thumbs\/mathilde-boulachin-1-scaled-r5estreu5i3j7xbmntemxjm1mihwadzi3hnajnyswg.jpg","contentUrl":"https:\/\/design.awards.verallia.fr\/wp-content\/uploads\/elementor\/thumbs\/mathilde-boulachin-1-scaled-r5estreu5i3j7xbmntemxjm1mihwadzi3hnajnyswg.jpg"},{"@type":"BreadcrumbList","@id":"https:\/\/design.awards.verallia.fr\/fr\/focus-sur-le-jury-de-la-16eme-edition\/#breadcrumb","itemListElement":[{"@type":"ListItem","position":1,"name":"Accueil","item":"https:\/\/design.awards.verallia.fr\/fr\/"},{"@type":"ListItem","position":2,"name":"Focus sur le jury de la 16\u00e8me \u00e9dition"}]},{"@type":"WebSite","@id":"https:\/\/design.awards.verallia.fr\/fr\/#website","url":"https:\/\/design.awards.verallia.fr\/fr\/","name":"Verallia Design Awards","description":"Verallia Design Award, le concours de design du packaging en verre","publisher":{"@id":"https:\/\/design.awards.verallia.fr\/fr\/#organization"},"potentialAction":[{"@type":"SearchAction","target":{"@type":"EntryPoint","urlTemplate":"https:\/\/design.awards.verallia.fr\/fr\/?s={search_term_string}"},"query-input":{"@type":"PropertyValueSpecification","valueRequired":true,"valueName":"search_term_string"}}],"inLanguage":"fr-FR"},{"@type":"Organization","@id":"https:\/\/design.awards.verallia.fr\/fr\/#organization","name":"Verallia Design Awards","url":"https:\/\/design.awards.verallia.fr\/fr\/","logo":{"@type":"ImageObject","inLanguage":"fr-FR","@id":"https:\/\/design.awards.verallia.fr\/fr\/#\/schema\/logo\/image\/","url":"https:\/\/design.awards.verallia.fr\/wp-content\/uploads\/2023\/05\/logo-small.png","contentUrl":"https:\/\/design.awards.verallia.fr\/wp-content\/uploads\/2023\/05\/logo-small.png","width":198,"height":117,"caption":"Verallia Design Awards"},"image":{"@id":"https:\/\/design.awards.verallia.fr\/fr\/#\/schema\/logo\/image\/"}},{"@type":"Person","@id":"","url":"https:\/\/design.awards.verallia.fr"}]}},"_links":{"self":[{"href":"https:\/\/design.awards.verallia.fr\/fr\/wp-json\/wp\/v2\/posts\/97571","targetHints":{"allow":["GET"]}}],"collection":[{"href":"https:\/\/design.awards.verallia.fr\/fr\/wp-json\/wp\/v2\/posts"}],"about":[{"href":"https:\/\/design.awards.verallia.fr\/fr\/wp-json\/wp\/v2\/types\/post"}],"author":[{"embeddable":true,"href":"https:\/\/design.awards.verallia.fr\/fr\/wp-json\/wp\/v2\/users\/4215"}],"replies":[{"embeddable":true,"href":"https:\/\/design.awards.verallia.fr\/fr\/wp-json\/wp\/v2\/comments?post=97571"}],"version-history":[{"count":1,"href":"https:\/\/design.awards.verallia.fr\/fr\/wp-json\/wp\/v2\/posts\/97571\/revisions"}],"predecessor-version":[{"id":98489,"href":"https:\/\/design.awards.verallia.fr\/fr\/wp-json\/wp\/v2\/posts\/97571\/revisions\/98489"}],"wp:attachment":[{"href":"https:\/\/design.awards.verallia.fr\/fr\/wp-json\/wp\/v2\/media?parent=97571"}],"wp:term":[{"taxonomy":"category","embeddable":true,"href":"https:\/\/design.awards.verallia.fr\/fr\/wp-json\/wp\/v2\/categories?post=97571"},{"taxonomy":"post_tag","embeddable":true,"href":"https:\/\/design.awards.verallia.fr\/fr\/wp-json\/wp\/v2\/tags?post=97571"}],"curies":[{"name":"wp","href":"https:\/\/api.w.org\/{rel}","templated":true}]}}